{"id":63824,"date":"2019-07-06T05:07:34","date_gmt":"2019-07-06T05:07:34","guid":{"rendered":"https:\/\/notitodo.com.mx\/wp\/?p=63824"},"modified":"2019-07-06T05:07:34","modified_gmt":"2019-07-06T05:07:34","slug":"integran-el-organo-de-valoracion-para-el-otorgamiento-del-escalafon-horizontal-del-personal-de-apoyo-y-asistencia-a-la-educacion","status":"publish","type":"post","link":"https:\/\/notitodo.com.mx\/wp\/integran-el-organo-de-valoracion-para-el-otorgamiento-del-escalafon-horizontal-del-personal-de-apoyo-y-asistencia-a-la-educacion\/","title":{"rendered":"Integran el \u00d3rgano de Valoraci\u00f3n para el Otorgamiento del Escalaf\u00f3n Horizontal del Personal de Apoyo y Asistencia a la Educaci\u00f3n"},"content":{"rendered":"<p>La Secretar\u00eda de Educaci\u00f3n y Deporte (SEyD) en conjunto con la Secci\u00f3n 42 del Sindicato Nacional de Trabajadores de la Educaci\u00f3n (SNTE) realizaron la integraci\u00f3n oficial del \u00d3rgano de Valoraci\u00f3n para el Otorgamiento del Escalaf\u00f3n Horizontal del Personal de Apoyo y Asistencia a la Educaci\u00f3n.<!--more--><\/p>\n<p>El acta constitutiva fue signada por el secretario de Educaci\u00f3n y Deporte, Carlos Gonz\u00e1lez Herrera y el secretario general de la Secci\u00f3n 42 del SNTE, Ever Avitia Estrada, en la Sala de Juntas de la SEyD.<\/p>\n<p>\u201cLa constituci\u00f3n del \u00d3rgano de Valoraci\u00f3n para el Otorgamiento del Escalaf\u00f3n Horizontal es un evento muy importante, porque ten\u00edamos esta deuda con los compa\u00f1eros que a veces est\u00e1n un poco invisibilizados por el poder que en la educaci\u00f3n tiene la figura del docente, sin embargo, la educaci\u00f3n no funciona sin ellos\u201d, expres\u00f3 Gonz\u00e1lez Herrera.<\/p>\n<p>Agreg\u00f3 que con esta acci\u00f3n, los derechos del personal de apoyo y asistencia quedar\u00e1n plenamente respaldados, al igual que sus posibilidades de mejorar su vida, \u201cpor ello me da much\u00edsimo gusto haber podido caminar exitosamente este camino junto al liderazgo de la Secci\u00f3n 42\u201d.<\/p>\n<p>A su vez, Avitia Estrada celebr\u00f3 integraci\u00f3n de este \u00d3rgano y agradeci\u00f3 al titular de Educaci\u00f3n y Deporte el que se haya hecho realidad este planteamiento, donde las y los compa\u00f1eros que pasar\u00e1n a formar parte de esta nueva ruta de trabajo tendr\u00e1n mucho que hacer.<\/p>\n<p>\u201cYo s\u00e9 que los compa\u00f1eros que van a estar de parte de la Secretar\u00eda es gente profesional, responsable y con la buena voluntad para sacar el trabajo de la mejor manera\u201d, asever\u00f3 el dirigente sindical.<\/p>\n<p>El \u00d3rgano de Valoraci\u00f3n se encuentra integrado por dos Coordinadores, dos Secretarios responsables de las relator\u00edas y dos Vocales, en cada una de estas funciones una persona fue designada por la Secretar\u00eda de Educaci\u00f3n y Deporte y otra por el Comit\u00e9 Ejecutivo de la Secci\u00f3n 42 del SNTE, adem\u00e1s se cuenta con un \u00c1rbitro designado por la SEyD, que tendr\u00e1 un voto de calidad en caso de empates o controversias.<\/p>\n<p>Dicho \u00d3rgano es el encargado de realizar la evaluaci\u00f3n y calificar la procedencia del otorgamiento del Escalaf\u00f3n Horizontal, y la instancia responsable en el Estado de respetar y hacer cumplir y difundir las normas, lineamientos, disposiciones y acuerdos con relaci\u00f3n al Escalaf\u00f3n Horizontal para el Personal de Apoyo y Asistencia a la Educaci\u00f3n.<\/p>\n<p>De igual manera, este ente velar\u00e1 por la equidad y la transparencia en la implementaci\u00f3n del multicitado Escalaf\u00f3n, por lo que deber\u00e1 realizar los dict\u00e1menes con estricto apego a la normatividad y a los criterios establecidos en el presente acuerdo.<\/p>\n<p>El \u00d3rgano de Valoraci\u00f3n para el Otorgamiento del Escalaf\u00f3n Horizontal del Personal de Apoyo y Asistencia a la Educaci\u00f3n, \u00fanicamente podr\u00e1 evaluar el cumplimiento de los requisitos establecidos en el presente Acuerdo, con el objeto de verificar el otorgamiento de dicho beneficio al personal correspondiente.<\/p>\n<p>En esta reuni\u00f3n tambi\u00e9n se valor\u00f3 de manera positiva el avance en los m\u00e1s de mil 400 tr\u00e1mites de cambio de adscripci\u00f3n, para lo cual se ha tenido un arduo y transparente trabajo durante los \u00faltimos d\u00edas, para el beneficio de las y los trabajadores de la educaci\u00f3n, expres\u00f3 el Secretario General de la Secci\u00f3n 42 del SNTE.<\/p>\n","protected":false},"excerpt":{"rendered":"<p>La Secretar\u00eda de Educaci\u00f3n y Deporte (SEyD) en conjunto con la Secci\u00f3n 42 del Sindicato Nacional de Trabajadores de la Educaci\u00f3n (SNTE) realizaron la integraci\u00f3n oficial del \u00d3rgano de Valoraci\u00f3n para el Otorgamiento del Escalaf\u00f3n Horizontal del Personal de Apoyo y Asistencia a la Educaci\u00f3n.<\/p>\n","protected":false},"author":5,"featured_media":63826,"comment_status":"open","ping_status":"open","sticky":false,"template":"","format":"standard","meta":{"footnotes":""},"categories":[7],"tags":[],"class_list":["post-63824","post","type-post","status-publish","format-standard","has-post-thumbnail","hentry","category-estatales"],"views":28,"_links":{"self":[{"href":"https:\/\/notitodo.com.mx\/wp\/wp-json\/wp\/v2\/posts\/63824","targetHints":{"allow":["GET"]}}],"collection":[{"href":"https:\/\/notitodo.com.mx\/wp\/wp-json\/wp\/v2\/posts"}],"about":[{"href":"https:\/\/notitodo.com.mx\/wp\/wp-json\/wp\/v2\/types\/post"}],"author":[{"embeddable":true,"href":"https:\/\/notitodo.com.mx\/wp\/wp-json\/wp\/v2\/users\/5"}],"replies":[{"embeddable":true,"href":"https:\/\/notitodo.com.mx\/wp\/wp-json\/wp\/v2\/comments?post=63824"}],"version-history":[{"count":1,"href":"https:\/\/notitodo.com.mx\/wp\/wp-json\/wp\/v2\/posts\/63824\/revisions"}],"predecessor-version":[{"id":63827,"href":"https:\/\/notitodo.com.mx\/wp\/wp-json\/wp\/v2\/posts\/63824\/revisions\/63827"}],"wp:featuredmedia":[{"embeddable":true,"href":"https:\/\/notitodo.com.mx\/wp\/wp-json\/wp\/v2\/media\/63826"}],"wp:attachment":[{"href":"https:\/\/notitodo.com.mx\/wp\/wp-json\/wp\/v2\/media?parent=63824"}],"wp:term":[{"taxonomy":"category","embeddable":true,"href":"https:\/\/notitodo.com.mx\/wp\/wp-json\/wp\/v2\/categories?post=63824"},{"taxonomy":"post_tag","embeddable":true,"href":"https:\/\/notitodo.com.mx\/wp\/wp-json\/wp\/v2\/tags?post=63824"}],"curies":[{"name":"wp","href":"https:\/\/api.w.org\/{rel}","templated":true}]}}