{"id":63626,"date":"2019-07-04T13:30:19","date_gmt":"2019-07-04T13:30:19","guid":{"rendered":"https:\/\/notitodo.com.mx\/wp\/?p=63626"},"modified":"2019-07-04T13:30:19","modified_gmt":"2019-07-04T13:30:19","slug":"se-graduan-100-estudiantes-de-las-licenciaturas-y-maestrias-de-la-upnech-campus-guachochi","status":"publish","type":"post","link":"https:\/\/notitodo.com.mx\/wp\/se-graduan-100-estudiantes-de-las-licenciaturas-y-maestrias-de-la-upnech-campus-guachochi\/","title":{"rendered":"Se grad\u00faan 100 estudiantes de las licenciaturas y maestr\u00edas de la Upnech campus Guachochi"},"content":{"rendered":"<p>La Universidad Pedag\u00f3gica Nacional del Estado de Chihuahua (UPNECH), Campus Guachochi, celebr\u00f3 la graduaci\u00f3n de m\u00e1s de 100 nuevas y nuevos profesionistas de sus programas educativos de Licenciatura en Intervenci\u00f3n Educativa, en Educaci\u00f3n Ind\u00edgena; as\u00ed como, de la Maestr\u00eda en Educaci\u00f3n Intercultural y en la de Educaci\u00f3n.<\/p>\n<p>Durante la ceremonia protocolaria, el rector de la Upnech, Pedro Rubio Molina, agradeci\u00f3 el esfuerzo y dedicaci\u00f3n de las y los nuevos licenciados al<\/p>\n<p><!--more--><\/p>\n<p>haber concluido satisfactoriamente su preparaci\u00f3n acad\u00e9mica, con miras a desarrollarse en el \u00e1mbito laboral y les expres\u00f3 que es un honor para la instituci\u00f3n, forjar a personas comprometidas que buscan mayor conocimiento, lo cual, dijo, contribuir\u00e1 a conformar una mejor sociedad.<\/p>\n<p>\u201cLogros como \u00e9ste, son sin\u00f3nimo del compromiso que tiene la UPNECH con la sociedad, de entregar profesionistas con alta preparaci\u00f3n y compromiso con el futuro, lo cual ser\u00e1 factor positivo para el cambio\u201d, dijo Rubio Molina; asimismo, Adelina Hern\u00e1ndez, directora del campus Guachochi, exhort\u00f3 a quienes egresaron, a honrar en todo momento el lema de la universidad \u201cEducar para Transformar\u201d.<\/p>\n<p>Durante la ceremonia de graduaci\u00f3n se cont\u00f3 con la presencia del alcalde de ese municipio, Hugo Aguirre Garc\u00eda as\u00ed como de representantes de las secciones 8 y 42 del Sindicato Nacional de Trabajadores de la Educaci\u00f3n (SNTE), y otras autoridades.<\/p>\n","protected":false},"excerpt":{"rendered":"<p>La Universidad Pedag\u00f3gica Nacional del Estado de Chihuahua (UPNECH), Campus Guachochi, celebr\u00f3 la graduaci\u00f3n de m\u00e1s de 100 nuevas y nuevos profesionistas de sus programas educativos de Licenciatura en Intervenci\u00f3n Educativa, en Educaci\u00f3n Ind\u00edgena; as\u00ed como, de la Maestr\u00eda en Educaci\u00f3n Intercultural y en la de Educaci\u00f3n. Durante la ceremonia protocolaria, el rector de la [&hellip;]<\/p>\n","protected":false},"author":5,"featured_media":63628,"comment_status":"open","ping_status":"open","sticky":false,"template":"","format":"standard","meta":{"footnotes":""},"categories":[15],"tags":[],"class_list":["post-63626","post","type-post","status-publish","format-standard","has-post-thumbnail","hentry","category-educacion"],"views":18,"_links":{"self":[{"href":"https:\/\/notitodo.com.mx\/wp\/wp-json\/wp\/v2\/posts\/63626","targetHints":{"allow":["GET"]}}],"collection":[{"href":"https:\/\/notitodo.com.mx\/wp\/wp-json\/wp\/v2\/posts"}],"about":[{"href":"https:\/\/notitodo.com.mx\/wp\/wp-json\/wp\/v2\/types\/post"}],"author":[{"embeddable":true,"href":"https:\/\/notitodo.com.mx\/wp\/wp-json\/wp\/v2\/users\/5"}],"replies":[{"embeddable":true,"href":"https:\/\/notitodo.com.mx\/wp\/wp-json\/wp\/v2\/comments?post=63626"}],"version-history":[{"count":1,"href":"https:\/\/notitodo.com.mx\/wp\/wp-json\/wp\/v2\/posts\/63626\/revisions"}],"predecessor-version":[{"id":63629,"href":"https:\/\/notitodo.com.mx\/wp\/wp-json\/wp\/v2\/posts\/63626\/revisions\/63629"}],"wp:featuredmedia":[{"embeddable":true,"href":"https:\/\/notitodo.com.mx\/wp\/wp-json\/wp\/v2\/media\/63628"}],"wp:attachment":[{"href":"https:\/\/notitodo.com.mx\/wp\/wp-json\/wp\/v2\/media?parent=63626"}],"wp:term":[{"taxonomy":"category","embeddable":true,"href":"https:\/\/notitodo.com.mx\/wp\/wp-json\/wp\/v2\/categories?post=63626"},{"taxonomy":"post_tag","embeddable":true,"href":"https:\/\/notitodo.com.mx\/wp\/wp-json\/wp\/v2\/tags?post=63626"}],"curies":[{"name":"wp","href":"https:\/\/api.w.org\/{rel}","templated":true}]}}