{"id":63431,"date":"2019-07-02T03:32:12","date_gmt":"2019-07-02T03:32:12","guid":{"rendered":"https:\/\/notitodo.com.mx\/wp\/?p=63431"},"modified":"2019-07-02T03:32:12","modified_gmt":"2019-07-02T03:32:12","slug":"concluye-diplomado-en-derechos-humanos-e-igualdad-de-genero-a-personal-de-la-secretaria-de-educacion","status":"publish","type":"post","link":"https:\/\/notitodo.com.mx\/wp\/concluye-diplomado-en-derechos-humanos-e-igualdad-de-genero-a-personal-de-la-secretaria-de-educacion\/","title":{"rendered":"Concluye diplomado en Derechos Humanos e Igualdad de G\u00e9nero a personal de la Secretar\u00eda de Educaci\u00f3n"},"content":{"rendered":"<p>La Secretar\u00eda de Educaci\u00f3n y Deporte (SEyD) concluy\u00f3 el Diplomado en Derechos Humanos e Igualdad de G\u00e9nero, impartido al personal de las unidades de g\u00e9nero de los organismos descentralizados de la dependencia, con la participaci\u00f3n de 33 funcionarias y funcionarios de Chihuahua as\u00ed como 22 de la Subsecretar\u00eda Zona Norte.<!--more--><\/p>\n<p>La capacitaci\u00f3n, organizada por la Unidad para la Igualdad de G\u00e9nero de la SEyD, estuvo a cargo de la Universidad Aut\u00f3noma de Chihuahua (UACh) de forma conjunta con el Centro de Ense\u00f1anza y Promoci\u00f3n de los Derechos Humanos y Cultura de Paz.<\/p>\n<p>En su mensaje, Adriana Corral Gerard, coordinadora de la Unidad para la Igualdad de G\u00e9nero de la SEyD, reconoci\u00f3 a las y los participantes por su esfuerzo y compromiso durante este curso, ya que la promoci\u00f3n de los derechos humanos representa una importante responsabilidad para todas las instituciones gubernamentales.<\/p>\n<p>\u201cEstamos en tiempos en los que la sociedad necesita disponer de mujeres y hombres conscientes de promover cambios en las relaciones desiguales de poder, por ello, generar espacios de reflexi\u00f3n y an\u00e1lisis cr\u00edtico, como fue este diplomado, son una parte esencial para apropiarnos de los conocimientos b\u00e1sicos que servir\u00e1n para mejorar nuestros enfoques de trabajo y que animen el avance de las mujeres hacia la igualdad, y de los hombres a la promoci\u00f3n de nuevas masculinidades\u201d, puntualiz\u00f3 la funcionaria.<\/p>\n","protected":false},"excerpt":{"rendered":"<p>La Secretar\u00eda de Educaci\u00f3n y Deporte (SEyD) concluy\u00f3 el Diplomado en Derechos Humanos e Igualdad de G\u00e9nero, impartido al personal de las unidades de g\u00e9nero de los organismos descentralizados de la dependencia, con la participaci\u00f3n de 33 funcionarias y funcionarios de Chihuahua as\u00ed como 22 de la Subsecretar\u00eda Zona Norte.<\/p>\n","protected":false},"author":5,"featured_media":63433,"comment_status":"open","ping_status":"open","sticky":false,"template":"","format":"standard","meta":{"footnotes":""},"categories":[15],"tags":[],"class_list":["post-63431","post","type-post","status-publish","format-standard","has-post-thumbnail","hentry","category-educacion"],"views":9,"_links":{"self":[{"href":"https:\/\/notitodo.com.mx\/wp\/wp-json\/wp\/v2\/posts\/63431","targetHints":{"allow":["GET"]}}],"collection":[{"href":"https:\/\/notitodo.com.mx\/wp\/wp-json\/wp\/v2\/posts"}],"about":[{"href":"https:\/\/notitodo.com.mx\/wp\/wp-json\/wp\/v2\/types\/post"}],"author":[{"embeddable":true,"href":"https:\/\/notitodo.com.mx\/wp\/wp-json\/wp\/v2\/users\/5"}],"replies":[{"embeddable":true,"href":"https:\/\/notitodo.com.mx\/wp\/wp-json\/wp\/v2\/comments?post=63431"}],"version-history":[{"count":1,"href":"https:\/\/notitodo.com.mx\/wp\/wp-json\/wp\/v2\/posts\/63431\/revisions"}],"predecessor-version":[{"id":63434,"href":"https:\/\/notitodo.com.mx\/wp\/wp-json\/wp\/v2\/posts\/63431\/revisions\/63434"}],"wp:featuredmedia":[{"embeddable":true,"href":"https:\/\/notitodo.com.mx\/wp\/wp-json\/wp\/v2\/media\/63433"}],"wp:attachment":[{"href":"https:\/\/notitodo.com.mx\/wp\/wp-json\/wp\/v2\/media?parent=63431"}],"wp:term":[{"taxonomy":"category","embeddable":true,"href":"https:\/\/notitodo.com.mx\/wp\/wp-json\/wp\/v2\/categories?post=63431"},{"taxonomy":"post_tag","embeddable":true,"href":"https:\/\/notitodo.com.mx\/wp\/wp-json\/wp\/v2\/tags?post=63431"}],"curies":[{"name":"wp","href":"https:\/\/api.w.org\/{rel}","templated":true}]}}