{"id":63284,"date":"2019-06-30T04:09:44","date_gmt":"2019-06-30T04:09:44","guid":{"rendered":"https:\/\/notitodo.com.mx\/wp\/?p=63284"},"modified":"2019-06-30T04:09:44","modified_gmt":"2019-06-30T04:09:44","slug":"coordinan-esfuerzos-dif-estatal-y-ulsa-en-favor-de-pacientes-del-centro-de-rehabilitacion-y-educacion-especial","status":"publish","type":"post","link":"https:\/\/notitodo.com.mx\/wp\/coordinan-esfuerzos-dif-estatal-y-ulsa-en-favor-de-pacientes-del-centro-de-rehabilitacion-y-educacion-especial\/","title":{"rendered":"Coordinan esfuerzos DIF Estatal y ULSA en favor de pacientes del Centro de Rehabilitaci\u00f3n y Educaci\u00f3n Especial"},"content":{"rendered":"<p class=\"x_MsoNormal\">Estudiantes de Universidad La Salle trabajaron por seis meses en la reinserci\u00f3n de pacientes a su vida cotidiana; en la ceremonia de clausura entregaron pr\u00f3tesis a beneficiarios del programa<\/p>\n<p class=\"x_MsoNormal\">\n<p class=\"x_MsoNormal\">En el marco de la clausura del proyecto acad\u00e9mico de vinculaci\u00f3n entre el DIF Estatal y la Universidad La Salle (ULSA) campus Chihuahua para la reinserci\u00f3n de pacientes del Centro de Rehabilitaci\u00f3n y Educaci\u00f3n Especial en su vida cotidiana, fueron entregadas 13 pr\u00f3tesis a personas beneficiarias de<\/p>\n<p><!--more--><\/p>\n<p class=\"x_MsoNormal\">este programa.<\/p>\n<p class=\"x_MsoNormal\">\n<p class=\"x_MsoNormal\">En la ceremonia, la titular de la Direcci\u00f3n de Rehabilitaci\u00f3n del DIF Estatal, Yolanda Erives Contreras, explic\u00f3 que esta es la primera vez que se trabaja de manera conjunta entre ambas instituciones, donde se cont\u00f3 con la participaci\u00f3n de alumnos de las licenciaturas de Fisioterapia, Nutrici\u00f3n y Gastronom\u00eda y de la carrera de Ciencias de la Familia.<\/p>\n<p class=\"x_MsoNormal\">\n<p class=\"x_MsoNormal\">Agreg\u00f3, que \u201cgracias a la vinculaci\u00f3n con la ULSA, en conjunto con nuestro equipo de trabajo y el DIF Estatal, se logr\u00f3 satisfactoriamente el fortalecimiento de la relaci\u00f3n entre las dos instituciones, colaborando en la misi\u00f3n de brindar el apoyo a quienes lo necesitan\u201d.<\/p>\n<p class=\"x_MsoNormal\">\n<p class=\"x_MsoNormal\">El trabajo realizado por los estudiantes de la ULSA se enfoc\u00f3 en las \u00e1reas de valoraci\u00f3n, tratamiento, ense\u00f1anza, terapia f\u00edsica, taller de pr\u00f3tesis y \u00f3rtesis, as\u00ed como en el departamento operativo y administrativo de la Direcci\u00f3n de Rehabilitaci\u00f3n.<\/p>\n<p class=\"x_MsoNormal\">\n<p class=\"x_MsoNormal\">La finalidad es de reinsertar a las y los pacientes del Centro de Rehabilitaci\u00f3n y Educaci\u00f3n Especial (CREE) de manera integral a sus actividades de la vida diaria.<\/p>\n<p class=\"x_MsoNormal\">\n<p class=\"x_MsoNormal\">En resumen, la participaci\u00f3n del alumnado de la ULSA y del equipo de trabajo de diversas \u00e1reas del CREE, por parte de la Direcci\u00f3n de Rehabilitaci\u00f3n de DIF Estatal, lograron optimizar recursos sin descuidar la atenci\u00f3n y servicio a las personas usuarias.<\/p>\n<p class=\"x_MsoNormal\">\n<p class=\"x_MsoNormal\">\n","protected":false},"excerpt":{"rendered":"<p>Estudiantes de Universidad La Salle trabajaron por seis meses en la reinserci\u00f3n de pacientes a su vida cotidiana; en la ceremonia de clausura entregaron pr\u00f3tesis a beneficiarios del programa En el marco de la clausura del proyecto acad\u00e9mico de vinculaci\u00f3n entre el DIF Estatal y la Universidad La Salle (ULSA) campus Chihuahua para la reinserci\u00f3n [&hellip;]<\/p>\n","protected":false},"author":5,"featured_media":63286,"comment_status":"open","ping_status":"open","sticky":false,"template":"","format":"standard","meta":{"footnotes":""},"categories":[7],"tags":[],"class_list":["post-63284","post","type-post","status-publish","format-standard","has-post-thumbnail","hentry","category-estatales"],"views":10,"_links":{"self":[{"href":"https:\/\/notitodo.com.mx\/wp\/wp-json\/wp\/v2\/posts\/63284","targetHints":{"allow":["GET"]}}],"collection":[{"href":"https:\/\/notitodo.com.mx\/wp\/wp-json\/wp\/v2\/posts"}],"about":[{"href":"https:\/\/notitodo.com.mx\/wp\/wp-json\/wp\/v2\/types\/post"}],"author":[{"embeddable":true,"href":"https:\/\/notitodo.com.mx\/wp\/wp-json\/wp\/v2\/users\/5"}],"replies":[{"embeddable":true,"href":"https:\/\/notitodo.com.mx\/wp\/wp-json\/wp\/v2\/comments?post=63284"}],"version-history":[{"count":1,"href":"https:\/\/notitodo.com.mx\/wp\/wp-json\/wp\/v2\/posts\/63284\/revisions"}],"predecessor-version":[{"id":63287,"href":"https:\/\/notitodo.com.mx\/wp\/wp-json\/wp\/v2\/posts\/63284\/revisions\/63287"}],"wp:featuredmedia":[{"embeddable":true,"href":"https:\/\/notitodo.com.mx\/wp\/wp-json\/wp\/v2\/media\/63286"}],"wp:attachment":[{"href":"https:\/\/notitodo.com.mx\/wp\/wp-json\/wp\/v2\/media?parent=63284"}],"wp:term":[{"taxonomy":"category","embeddable":true,"href":"https:\/\/notitodo.com.mx\/wp\/wp-json\/wp\/v2\/categories?post=63284"},{"taxonomy":"post_tag","embeddable":true,"href":"https:\/\/notitodo.com.mx\/wp\/wp-json\/wp\/v2\/tags?post=63284"}],"curies":[{"name":"wp","href":"https:\/\/api.w.org\/{rel}","templated":true}]}}