{"id":6283,"date":"2017-01-20T04:04:01","date_gmt":"2017-01-20T04:04:01","guid":{"rendered":"http:\/\/notitodo.com.mx\/wp\/?p=6283"},"modified":"2017-01-20T04:04:01","modified_gmt":"2017-01-20T04:04:01","slug":"docentes-de-la-utp-participan-en-congreso-internacional-de-innovacion-tecnologia-negocios-y-educacion","status":"publish","type":"post","link":"https:\/\/notitodo.com.mx\/wp\/docentes-de-la-utp-participan-en-congreso-internacional-de-innovacion-tecnologia-negocios-y-educacion\/","title":{"rendered":"DOCENTES DE LA UTP PARTICIPAN EN CONGRESO INTERNACIONAL DE INNOVACI\u00d3N, TECNOLOG\u00cdA, NEGOCIOS Y EDUCACI\u00d3N"},"content":{"rendered":"<p>Mar\u00eda Guadalupe Roach<\/p>\n<p>s y Pedro Iv\u00e1n S\u00e1enz Sotelo, docentes investigadores de la Universidad Tecnol\u00f3gica de Parral, participaron con sus ponencias en el Congreso Internacional de Innovaci\u00f3n, Tecnolog\u00eda, Negocios y Educaci\u00f3n, que se desarroll\u00f3 en d\u00edas pasados en la ciudad de Puerto Vallarta, Jalisco.<\/p>\n<p>El Congreso Internacional de Innovaci\u00f3n, Tecnolog\u00eda, Negocios y Educaci\u00f3n se realiz\u00f3 en las instalaciones del Instituto Tecnol\u00f3gico Superior de Puerto Vallarta, en donde se dieron cita catedr\u00e1ticos e investigadores de M\u00e9xico, Espa\u00f1a, Argentina, Alemania, Estados Unidos, entre otros pa\u00edses.<\/p>\n<p>Durante el encuentro se llevaro<\/p>\n<p>o Torren a cabo paneles de discusi\u00f3n, foros y conferencias, donde influyentes investigadores , docentes nacionales y extranjeros hablaron sobre las nuevas tendencias en cada uno de los ejes tem\u00e1ticos.<\/p>\n<p>El producto de dicho congreso fue una experiencia enriquecedora para cada uno de los<!--more--> asistentes y ponentes, quienes pudieron escuchar ideas innovadoras sobre aspectos de inter\u00e9s mundial, adem\u00e1s de la generaci\u00f3n de la publicaci\u00f3n cient\u00edfica que habr\u00e1 de realizarse en el mes de febrero del presente a\u00f1o.<\/p>\n<p>La rectora de la Universidad Tecnol\u00f3gica de Parral, Nora Elena Bueno Gardea, felicit\u00f3 a los docentes y los conmin\u00f3 a seguir en esta l\u00ednea de preparaci\u00f3n y actualizaci\u00f3n continua, para de esta manera contribuir al logro de la excelencia acad\u00e9mica.<\/p>\n","protected":false},"excerpt":{"rendered":"<p>Mar\u00eda Guadalupe Roach s y Pedro Iv\u00e1n S\u00e1enz Sotelo, docentes investigadores de la Universidad Tecnol\u00f3gica de Parral, participaron con sus ponencias en el Congreso Internacional de Innovaci\u00f3n, Tecnolog\u00eda, Negocios y Educaci\u00f3n, que se desarroll\u00f3 en d\u00edas pasados en la ciudad de Puerto Vallarta, Jalisco. El Congreso Internacional de Innovaci\u00f3n, Tecnolog\u00eda, Negocios y Educaci\u00f3n se realiz\u00f3 [&hellip;]<\/p>\n","protected":false},"author":5,"featured_media":6284,"comment_status":"open","ping_status":"open","sticky":false,"template":"","format":"standard","meta":{"footnotes":""},"categories":[4],"tags":[],"class_list":["post-6283","post","type-post","status-publish","format-standard","has-post-thumbnail","hentry","category-deportes"],"views":28,"_links":{"self":[{"href":"https:\/\/notitodo.com.mx\/wp\/wp-json\/wp\/v2\/posts\/6283","targetHints":{"allow":["GET"]}}],"collection":[{"href":"https:\/\/notitodo.com.mx\/wp\/wp-json\/wp\/v2\/posts"}],"about":[{"href":"https:\/\/notitodo.com.mx\/wp\/wp-json\/wp\/v2\/types\/post"}],"author":[{"embeddable":true,"href":"https:\/\/notitodo.com.mx\/wp\/wp-json\/wp\/v2\/users\/5"}],"replies":[{"embeddable":true,"href":"https:\/\/notitodo.com.mx\/wp\/wp-json\/wp\/v2\/comments?post=6283"}],"version-history":[{"count":1,"href":"https:\/\/notitodo.com.mx\/wp\/wp-json\/wp\/v2\/posts\/6283\/revisions"}],"predecessor-version":[{"id":6285,"href":"https:\/\/notitodo.com.mx\/wp\/wp-json\/wp\/v2\/posts\/6283\/revisions\/6285"}],"wp:featuredmedia":[{"embeddable":true,"href":"https:\/\/notitodo.com.mx\/wp\/wp-json\/wp\/v2\/media\/6284"}],"wp:attachment":[{"href":"https:\/\/notitodo.com.mx\/wp\/wp-json\/wp\/v2\/media?parent=6283"}],"wp:term":[{"taxonomy":"category","embeddable":true,"href":"https:\/\/notitodo.com.mx\/wp\/wp-json\/wp\/v2\/categories?post=6283"},{"taxonomy":"post_tag","embeddable":true,"href":"https:\/\/notitodo.com.mx\/wp\/wp-json\/wp\/v2\/tags?post=6283"}],"curies":[{"name":"wp","href":"https:\/\/api.w.org\/{rel}","templated":true}]}}