{"id":62569,"date":"2019-06-24T22:42:55","date_gmt":"2019-06-24T22:42:55","guid":{"rendered":"https:\/\/notitodo.com.mx\/wp\/?p=62569"},"modified":"2019-06-24T22:42:55","modified_gmt":"2019-06-24T22:42:55","slug":"capacita-dif-estatal-a-facilitadores-para-el-fortalecimiento-familiar","status":"publish","type":"post","link":"https:\/\/notitodo.com.mx\/wp\/capacita-dif-estatal-a-facilitadores-para-el-fortalecimiento-familiar\/","title":{"rendered":"Capacita DIF Estatal a facilitadores para el fortalecimiento familiar"},"content":{"rendered":"<p>Con la ejecuci\u00f3n del programa \u201cN\u00facleos Familiares Comunitarios\u201d, se busca capacitar a los padres y madres de familia en la soluci\u00f3n de conflictos mediante el di\u00e1logo<\/p>\n<p>El Centro de Fortalecimiento Familiar del Desarrollo Integral de la Familia (DIF) Estatal, trabaja en coordinaci\u00f3n con la Universidad La Salle (ULSA), campus Chihuahua, y DIF municipales del estado, para la implementaci\u00f3n del programa \u201cN\u00facleos Familiares Comunitarios\u201d.<\/p>\n<p>Mediante esta estrategia social, la presidenta del DIF Estatal, Cinthia Aide\u00e9 Chavira Gamboa busca fortalecer los lazos familiares de los habitantes de los 67<\/p>\n<p><!--more--><\/p>\n<p>municipios del estado.<\/p>\n<p>\u201cBuscamos dotar de herramientas a los padres y madres de familia para la crianza asertiva de sus hijas e hijos, as\u00ed como la soluci\u00f3n de problemas a trav\u00e9s del di\u00e1logo\u201d, expres\u00f3 Chavira Gamboa.<\/p>\n<p>Al respecto, Mar\u00eda Elo\u00edsa Sol\u00eds Terrazas titular del Centro de Fortalecimiento Familiar, explic\u00f3 que la implementaci\u00f3n de este programa es con la intenci\u00f3n de fortalecer a las familias a trav\u00e9s de c\u00edrculos de grupos de padres donde puedan compartir sus experiencias y retos de vida.<\/p>\n<p>Dentro de la primera etapa de este proyecto, el Centro de Fortalecimiento Familiar, en coordinaci\u00f3n con la ULSA y los DIF municipales, llevan a cabo la captaci\u00f3n y formaci\u00f3n de facilitadores, quienes ser\u00e1n los encargados de acompa\u00f1ar la formaci\u00f3n de los \u201cN\u00facleos Familiares Comunitarios\u201d.<\/p>\n<p>En la segunda etapa se tiene contemplada la implementaci\u00f3n de los n\u00facleos, mientras que en la tercera etapa se busca que los padres de familia generen din\u00e1micas de actividades al interior de su comunidad, con la finalidad de llevar a cabo un diagn\u00f3stico de la situaci\u00f3n familiar y social en la cual se desarrollan, para llevar a cabo proyectos que contribuyan al mejoramiento de la calidad de vida de las personas.<\/p>\n<p>A la fecha se han capacitado 87 facilitadores, quienes dar\u00e1n acompa\u00f1amiento a los grupos de padres y madres de familia, que a su vez sostendr\u00e1n reuniones en las instalaciones de los Centros Comunitarios, Cerenam, CREE, CRI, escuelas, empresas, o bien, en todos los espacios que el DIF Estatal y municipal proporcionen para la realizaci\u00f3n de este proyecto.<\/p>\n","protected":false},"excerpt":{"rendered":"<p>Con la ejecuci\u00f3n del programa \u201cN\u00facleos Familiares Comunitarios\u201d, se busca capacitar a los padres y madres de familia en la soluci\u00f3n de conflictos mediante el di\u00e1logo El Centro de Fortalecimiento Familiar del Desarrollo Integral de la Familia (DIF) Estatal, trabaja en coordinaci\u00f3n con la Universidad La Salle (ULSA), campus Chihuahua, y DIF municipales del estado, [&hellip;]<\/p>\n","protected":false},"author":5,"featured_media":62571,"comment_status":"open","ping_status":"open","sticky":false,"template":"","format":"standard","meta":{"footnotes":""},"categories":[7],"tags":[],"class_list":["post-62569","post","type-post","status-publish","format-standard","has-post-thumbnail","hentry","category-estatales"],"views":3,"_links":{"self":[{"href":"https:\/\/notitodo.com.mx\/wp\/wp-json\/wp\/v2\/posts\/62569","targetHints":{"allow":["GET"]}}],"collection":[{"href":"https:\/\/notitodo.com.mx\/wp\/wp-json\/wp\/v2\/posts"}],"about":[{"href":"https:\/\/notitodo.com.mx\/wp\/wp-json\/wp\/v2\/types\/post"}],"author":[{"embeddable":true,"href":"https:\/\/notitodo.com.mx\/wp\/wp-json\/wp\/v2\/users\/5"}],"replies":[{"embeddable":true,"href":"https:\/\/notitodo.com.mx\/wp\/wp-json\/wp\/v2\/comments?post=62569"}],"version-history":[{"count":1,"href":"https:\/\/notitodo.com.mx\/wp\/wp-json\/wp\/v2\/posts\/62569\/revisions"}],"predecessor-version":[{"id":62572,"href":"https:\/\/notitodo.com.mx\/wp\/wp-json\/wp\/v2\/posts\/62569\/revisions\/62572"}],"wp:featuredmedia":[{"embeddable":true,"href":"https:\/\/notitodo.com.mx\/wp\/wp-json\/wp\/v2\/media\/62571"}],"wp:attachment":[{"href":"https:\/\/notitodo.com.mx\/wp\/wp-json\/wp\/v2\/media?parent=62569"}],"wp:term":[{"taxonomy":"category","embeddable":true,"href":"https:\/\/notitodo.com.mx\/wp\/wp-json\/wp\/v2\/categories?post=62569"},{"taxonomy":"post_tag","embeddable":true,"href":"https:\/\/notitodo.com.mx\/wp\/wp-json\/wp\/v2\/tags?post=62569"}],"curies":[{"name":"wp","href":"https:\/\/api.w.org\/{rel}","templated":true}]}}