{"id":62344,"date":"2019-06-22T00:20:30","date_gmt":"2019-06-22T00:20:30","guid":{"rendered":"https:\/\/notitodo.com.mx\/wp\/?p=62344"},"modified":"2019-06-22T00:20:30","modified_gmt":"2019-06-22T00:20:30","slug":"restablecer-la-justicia-y-seguridad-nacional-debe-ser-una-tarea-coordinada-en-todos-los-niveles-javier-corral","status":"publish","type":"post","link":"https:\/\/notitodo.com.mx\/wp\/restablecer-la-justicia-y-seguridad-nacional-debe-ser-una-tarea-coordinada-en-todos-los-niveles-javier-corral\/","title":{"rendered":"Restablecer la justicia y seguridad nacional debe ser una tarea coordinada en todos los niveles: Javier Corral"},"content":{"rendered":"<p>Chihuahua estar\u00e1 puntual a su cita con la historia en la recuperaci\u00f3n de la paz; la seguridad p\u00fablica tiene que ser una zona de neutralidad pol\u00edtica, una tarea de visi\u00f3n de estado, afirm\u00f3 ante gobernadores y secretarios del gabinete federal<br \/>\n\u201cEn una nueva cita con la historia, Chihuahua estar\u00e1 puntual, estaremos con altura de miras, pens\u00e1ndonos no solamente como estado, sino como naci\u00f3n, porque la estrategia para enfrentar a los enemigos de la paz, restablecer la justicia y la seguridad ciudadana debe ser una tarea nacional, coordinada entre niveles de<\/p>\n<p><!--more--><\/p>\n<p>Gobierno, entre poderes de la Uni\u00f3n\u201d, afirm\u00f3 el gobernador Javier Corral al iniciar los trabajos de la Reuni\u00f3n de Coordinaci\u00f3n Regional Zona 5-Noroeste que tiene verificativo en el Sal\u00f3n Rojo de Palacio de Gobierno.<\/p>\n<p>Ante la presencia de tres gobernadores y funcionarios del Gabinete de Seguridad del Gobierno Federal, el gobernador coincidi\u00f3 en lo expresado previamente por el secretario federal de Seguridad y Protecci\u00f3n Ciudadana, Alfonso Durazo Monta\u00f1o, en el sentido de que la seguridad p\u00fablica tiene que ser una zona de neutralidad pol\u00edtica, una tarea de visi\u00f3n de estado, donde concurra lo mejor de cada uno.<br \/>\nMostr\u00f3 su benepl\u00e1cito por tener esta reuni\u00f3n de coordinaci\u00f3n regional, dentro del Sistema Nacional de Seguridad P\u00fablica y particularmente en perspectiva a los trabajos plenarios de la pr\u00f3xima sesi\u00f3n del citado Sistema.<br \/>\nJavier Corral dio la bienvenida a sus colegas gobernadores, de Sonora Claudia Pavlovich; de Baja California, Francisco Vega; de Baja California Sur, Carlos Mendoza Davis, as\u00ed como a Crist\u00f3bal Casta\u00f1eda, representante del gobernador de Sinaloa, Quirino Ordaz.<\/p>\n<p>Tambi\u00e9n celebr\u00f3 la presencia del secretario de Marina, almirante Jos\u00e9 Rafael Ojeda Dur\u00e1n; del jefe del Estado Mayor de la Secretar\u00eda de la Defensa Nacional, general Homero Mendoza, a quien agradeci\u00f3 de nueva cuenta la colaboraci\u00f3n de las fuerzas armadas con Chihuahua, especialmente en el combate al crimen organizado.<br \/>\nIndic\u00f3 que este es un estado que siempre ha estado puntual en su cita con la historia, incluida una muy dram\u00e1tica que tuvo que cumplir en la ruta de Hidalgo, que fue la prisi\u00f3n y su fusilamiento, pero que incluso en ella, Chihuahua mostro la generosidad y tambi\u00e9n la solidaridad con quien despu\u00e9s fue reconocido como \u201cEl Padre de la Patria\u201d.<\/p>\n<p>Afirm\u00f3 que Chihuahua fue custodia de la libertad en defensa de la Rep\u00fablica, puesto que aqu\u00ed se recibi\u00f3 al presidente Ju\u00e1rez y tuvo Ju\u00e1rez su sede del Gobierno Itinerante por varios a\u00f1os.<br \/>\nManifest\u00f3 que esta entidad fue tambi\u00e9n cuna y chispa de la Revoluci\u00f3n Mexicana, pues sin la batalla de Ciudad Ju\u00e1rez no se entiende el triunfo de la Revoluci\u00f3n.<\/p>\n<p>Se\u00f1al\u00f3 que otro de los aspectos relevantes, es el papel de pueblo chihuahuense en el impulso democratizador de M\u00e9xico, al encabezar enormes gestas c\u00edvicas por la democratizaci\u00f3n del pa\u00eds y contra el fraude electoral y fue detonante de la transici\u00f3n mexicana a la democracia.<\/p>\n","protected":false},"excerpt":{"rendered":"<p>Chihuahua estar\u00e1 puntual a su cita con la historia en la recuperaci\u00f3n de la paz; la seguridad p\u00fablica tiene que ser una zona de neutralidad pol\u00edtica, una tarea de visi\u00f3n de estado, afirm\u00f3 ante gobernadores y secretarios del gabinete federal \u201cEn una nueva cita con la historia, Chihuahua estar\u00e1 puntual, estaremos con altura de miras, [&hellip;]<\/p>\n","protected":false},"author":5,"featured_media":62346,"comment_status":"open","ping_status":"open","sticky":false,"template":"","format":"standard","meta":{"footnotes":""},"categories":[7],"tags":[],"class_list":["post-62344","post","type-post","status-publish","format-standard","has-post-thumbnail","hentry","category-estatales"],"views":27,"_links":{"self":[{"href":"https:\/\/notitodo.com.mx\/wp\/wp-json\/wp\/v2\/posts\/62344","targetHints":{"allow":["GET"]}}],"collection":[{"href":"https:\/\/notitodo.com.mx\/wp\/wp-json\/wp\/v2\/posts"}],"about":[{"href":"https:\/\/notitodo.com.mx\/wp\/wp-json\/wp\/v2\/types\/post"}],"author":[{"embeddable":true,"href":"https:\/\/notitodo.com.mx\/wp\/wp-json\/wp\/v2\/users\/5"}],"replies":[{"embeddable":true,"href":"https:\/\/notitodo.com.mx\/wp\/wp-json\/wp\/v2\/comments?post=62344"}],"version-history":[{"count":1,"href":"https:\/\/notitodo.com.mx\/wp\/wp-json\/wp\/v2\/posts\/62344\/revisions"}],"predecessor-version":[{"id":62347,"href":"https:\/\/notitodo.com.mx\/wp\/wp-json\/wp\/v2\/posts\/62344\/revisions\/62347"}],"wp:featuredmedia":[{"embeddable":true,"href":"https:\/\/notitodo.com.mx\/wp\/wp-json\/wp\/v2\/media\/62346"}],"wp:attachment":[{"href":"https:\/\/notitodo.com.mx\/wp\/wp-json\/wp\/v2\/media?parent=62344"}],"wp:term":[{"taxonomy":"category","embeddable":true,"href":"https:\/\/notitodo.com.mx\/wp\/wp-json\/wp\/v2\/categories?post=62344"},{"taxonomy":"post_tag","embeddable":true,"href":"https:\/\/notitodo.com.mx\/wp\/wp-json\/wp\/v2\/tags?post=62344"}],"curies":[{"name":"wp","href":"https:\/\/api.w.org\/{rel}","templated":true}]}}