{"id":61836,"date":"2019-06-18T19:19:29","date_gmt":"2019-06-18T19:19:29","guid":{"rendered":"https:\/\/notitodo.com.mx\/wp\/?p=61836"},"modified":"2019-06-18T19:19:29","modified_gmt":"2019-06-18T19:19:29","slug":"recibira-chihuahua-a-gobernadores-fronterizos-en-reunion-de-seguridad-el-viernes-21","status":"publish","type":"post","link":"https:\/\/notitodo.com.mx\/wp\/recibira-chihuahua-a-gobernadores-fronterizos-en-reunion-de-seguridad-el-viernes-21\/","title":{"rendered":"Recibir\u00e1 Chihuahua a gobernadores fronterizos en reuni\u00f3n de seguridad el viernes 21"},"content":{"rendered":"<p>El gobernador Javier Corral Jurado confirm\u00f3 que el pr\u00f3ximo viernes 21 de junio se realizar\u00e1 en Chihuahua la Reuni\u00f3n de Gobernadores Fronterizos en Materia de Seguridad P\u00fablica y Coordinaci\u00f3n, en la que se analizar\u00e1n una serie de objetivos y proyectos, algunos de los cuales pueden ser tomados como modelo a nivel nacional.<br \/>\nAdem\u00e1s se analizar\u00e1 el tema del despliegue que tendr\u00e1 en Chihuahua la Guardia Nacional.<\/p>\n<p>La reuni\u00f3n se realizar\u00e1 en el Palacio de Gobierno durante la ma\u00f1ana y al momento est\u00e1n confirmados los gobernadores de Sonora, Sinaloa, Baja California y Baja California Sur, as\u00ed como los secretarios de la Defensa Nacional, de Marina, el secretario de Seguridad y Protecci\u00f3n Ciudadana, Alfonso Durazo y el<\/p>\n<p><!--more--><\/p>\n<p>comandante de la Guardia Nacional, Luis Rodr\u00edguez Bucio.<\/p>\n<p>En videoconferencia desde la Ciudad de M\u00e9xico, el gobernador dijo que el encuentro se confirm\u00f3 despu\u00e9s de la visita del presidente Andr\u00e9s Manuel L\u00f3pez Obrador, donde tuvo oportunidad de informarle sobre los temas en materia de seguridad.<br \/>\nAbund\u00f3 que durante el encuentro con el presidente, le explic\u00f3 c\u00f3mo se hab\u00eda elaborado el Plan Especial Ju\u00e1rez y le entreg\u00f3 un documento que contiene las aportaciones que debe hacer la Federaci\u00f3n para se pueda concretar en los hechos.<br \/>\nA\u00f1adi\u00f3 que pudieron compartir informaci\u00f3n, reconociendo que en Ciudad Ju\u00e1rez hay una tendencia a la baja en el tema de homicidios, lo que permite concluir que se est\u00e1 avanzando, pero tambi\u00e9n que se necesita el apoyo en varios proyectos.<\/p>\n<p>\u201c\u00c9l vio muy bien el plan, de entrada comunic\u00f3 que lo ver\u00eda con el secretario Alfonso Durazo, cosa que inmediatamente sucedi\u00f3 y de hecho el mismo domingo me puse ya en contacto con el secretario y quedamos en darle seguimiento al conjunto de proyectos que hemos presentado\u201d.<br \/>\nExplic\u00f3 que entre los proyectos est\u00e1 el tema del C-5 para Ciudad Ju\u00e1rez que tiene una conjunci\u00f3n de esfuerzos Municipio, Gobierno del Estado y Gobierno Federal y que interesa much\u00edsimo poder echar a andar.<br \/>\nOtro, es el tema del \u201cCereso productivo\u201d, un proyecto que ha gustado a la Federaci\u00f3n porque puede ser un modelo referente en todo el pa\u00eds de reinserci\u00f3n social aut\u00e9ntica, coment\u00f3 el mandatario.<\/p>\n<p>Dijo que tambi\u00e9n trat\u00f3 con el presidente el adeudo que tiene la Federaci\u00f3n con el Estado de m\u00e1s de 38 meses en lo que se conoce como el \u201cSocorro de ley\u201d, que es el pago que el Gobierno Federal tiene que hacer para cubrir los gastos de manutenci\u00f3n y salud de las personas que est\u00e1n privadas de la libertad en los Ceresos estatales, pero que corresponden a procesos federales.<\/p>\n<p>Adem\u00e1s se revisar\u00e1n una serie de proyectos de infraestructura en materia de seguridad p\u00fablica, de apoyo a\u00e9reo y apoyo de telecomunicaciones.<br \/>\nEl gobernador Javier Corral se\u00f1al\u00f3 que todos estos temas ser\u00e1n tratados el pr\u00f3ximo viernes en la Reuni\u00f3n de Gobernadores Fronterizos en Materia de Seguridad P\u00fablica.<\/p>\n","protected":false},"excerpt":{"rendered":"<p>El gobernador Javier Corral Jurado confirm\u00f3 que el pr\u00f3ximo viernes 21 de junio se realizar\u00e1 en Chihuahua la Reuni\u00f3n de Gobernadores Fronterizos en Materia de Seguridad P\u00fablica y Coordinaci\u00f3n, en la que se analizar\u00e1n una serie de objetivos y proyectos, algunos de los cuales pueden ser tomados como modelo a nivel nacional. Adem\u00e1s se analizar\u00e1 [&hellip;]<\/p>\n","protected":false},"author":5,"featured_media":61838,"comment_status":"open","ping_status":"open","sticky":false,"template":"","format":"standard","meta":{"footnotes":""},"categories":[7],"tags":[],"class_list":["post-61836","post","type-post","status-publish","format-standard","has-post-thumbnail","hentry","category-estatales"],"views":24,"_links":{"self":[{"href":"https:\/\/notitodo.com.mx\/wp\/wp-json\/wp\/v2\/posts\/61836","targetHints":{"allow":["GET"]}}],"collection":[{"href":"https:\/\/notitodo.com.mx\/wp\/wp-json\/wp\/v2\/posts"}],"about":[{"href":"https:\/\/notitodo.com.mx\/wp\/wp-json\/wp\/v2\/types\/post"}],"author":[{"embeddable":true,"href":"https:\/\/notitodo.com.mx\/wp\/wp-json\/wp\/v2\/users\/5"}],"replies":[{"embeddable":true,"href":"https:\/\/notitodo.com.mx\/wp\/wp-json\/wp\/v2\/comments?post=61836"}],"version-history":[{"count":1,"href":"https:\/\/notitodo.com.mx\/wp\/wp-json\/wp\/v2\/posts\/61836\/revisions"}],"predecessor-version":[{"id":61839,"href":"https:\/\/notitodo.com.mx\/wp\/wp-json\/wp\/v2\/posts\/61836\/revisions\/61839"}],"wp:featuredmedia":[{"embeddable":true,"href":"https:\/\/notitodo.com.mx\/wp\/wp-json\/wp\/v2\/media\/61838"}],"wp:attachment":[{"href":"https:\/\/notitodo.com.mx\/wp\/wp-json\/wp\/v2\/media?parent=61836"}],"wp:term":[{"taxonomy":"category","embeddable":true,"href":"https:\/\/notitodo.com.mx\/wp\/wp-json\/wp\/v2\/categories?post=61836"},{"taxonomy":"post_tag","embeddable":true,"href":"https:\/\/notitodo.com.mx\/wp\/wp-json\/wp\/v2\/tags?post=61836"}],"curies":[{"name":"wp","href":"https:\/\/api.w.org\/{rel}","templated":true}]}}