{"id":61490,"date":"2019-06-12T00:06:02","date_gmt":"2019-06-12T00:06:02","guid":{"rendered":"https:\/\/notitodo.com.mx\/wp\/?p=61490"},"modified":"2019-06-12T00:06:02","modified_gmt":"2019-06-12T00:06:02","slug":"presenta-consejero-juridico-jorge-espinoza-recusacion-contra-ministros-de-la-scjn","status":"publish","type":"post","link":"https:\/\/notitodo.com.mx\/wp\/presenta-consejero-juridico-jorge-espinoza-recusacion-contra-ministros-de-la-scjn\/","title":{"rendered":"Presenta Consejero Jur\u00eddico Jorge Espinoza recusaci\u00f3n contra ministros de la SCJN"},"content":{"rendered":"<p>El consejero jur\u00eddico del Gobierno del Estado, Jorge Espinoza Cort\u00e9s, present\u00f3 hoy un escrito dirigido al presidente de la Suprema Corte de Justicia de la Naci\u00f3n (SCJN), Arturo Sald\u00edvar Lelo de Larrea, consistente en la recusaci\u00f3n en contra de los ministros Eduardo Medina Mora y Alfredo Guti\u00e9rrez Ortiz Mena, para que se abstengan de conocer la Controversia Constitucional presentada por Enrique Pe\u00f1a Nieto para impedir que se le investigara.<!--more--><br \/>\nEsto por estimar que existe un claro conflicto de intereses entre quien conoce de la Controversia Constitucional, as\u00ed como del recurso de reclamaci\u00f3n interpuesto por el Gobierno del Estado de Chihuahua en contra de su admisi\u00f3n, debido a la clara amistad \u00edntima de estos dos ministros con el ex presidente de la rep\u00fablica.<br \/>\n\u201cEs obvio el inter\u00e9s personal de los funcionarios judiciales, situaci\u00f3n, que pone en grave riesgo la credibilidad de los ministros Eduardo Medina Mora y Alfredo Guti\u00e9rrez Ortiz Mena, as\u00ed como de la instituci\u00f3n para la cual trabajan y representan\u201d, se\u00f1al\u00f3 el consejero jur\u00eddico del Estado.<br \/>\nDijo que lo anterior queda de manifiesto con muy diversas pruebas y fotograf\u00edas que han sido del conocimiento p\u00fablico y que evidencian una relaci\u00f3n \u00edntima entre el promovente de la controversia y quienes est\u00e1n a cargo de tramitarla y resolverla.<\/p>\n","protected":false},"excerpt":{"rendered":"<p>El consejero jur\u00eddico del Gobierno del Estado, Jorge Espinoza Cort\u00e9s, present\u00f3 hoy un escrito dirigido al presidente de la Suprema Corte de Justicia de la Naci\u00f3n (SCJN), Arturo Sald\u00edvar Lelo de Larrea, consistente en la recusaci\u00f3n en contra de los ministros Eduardo Medina Mora y Alfredo Guti\u00e9rrez Ortiz Mena, para que se abstengan de conocer [&hellip;]<\/p>\n","protected":false},"author":5,"featured_media":61493,"comment_status":"open","ping_status":"open","sticky":false,"template":"","format":"standard","meta":{"footnotes":""},"categories":[7],"tags":[],"class_list":["post-61490","post","type-post","status-publish","format-standard","has-post-thumbnail","hentry","category-estatales"],"views":6,"_links":{"self":[{"href":"https:\/\/notitodo.com.mx\/wp\/wp-json\/wp\/v2\/posts\/61490","targetHints":{"allow":["GET"]}}],"collection":[{"href":"https:\/\/notitodo.com.mx\/wp\/wp-json\/wp\/v2\/posts"}],"about":[{"href":"https:\/\/notitodo.com.mx\/wp\/wp-json\/wp\/v2\/types\/post"}],"author":[{"embeddable":true,"href":"https:\/\/notitodo.com.mx\/wp\/wp-json\/wp\/v2\/users\/5"}],"replies":[{"embeddable":true,"href":"https:\/\/notitodo.com.mx\/wp\/wp-json\/wp\/v2\/comments?post=61490"}],"version-history":[{"count":1,"href":"https:\/\/notitodo.com.mx\/wp\/wp-json\/wp\/v2\/posts\/61490\/revisions"}],"predecessor-version":[{"id":61494,"href":"https:\/\/notitodo.com.mx\/wp\/wp-json\/wp\/v2\/posts\/61490\/revisions\/61494"}],"wp:featuredmedia":[{"embeddable":true,"href":"https:\/\/notitodo.com.mx\/wp\/wp-json\/wp\/v2\/media\/61493"}],"wp:attachment":[{"href":"https:\/\/notitodo.com.mx\/wp\/wp-json\/wp\/v2\/media?parent=61490"}],"wp:term":[{"taxonomy":"category","embeddable":true,"href":"https:\/\/notitodo.com.mx\/wp\/wp-json\/wp\/v2\/categories?post=61490"},{"taxonomy":"post_tag","embeddable":true,"href":"https:\/\/notitodo.com.mx\/wp\/wp-json\/wp\/v2\/tags?post=61490"}],"curies":[{"name":"wp","href":"https:\/\/api.w.org\/{rel}","templated":true}]}}