{"id":6140,"date":"2017-01-17T18:23:27","date_gmt":"2017-01-17T18:23:27","guid":{"rendered":"http:\/\/notitodo.com.mx\/wp\/?p=6140"},"modified":"2017-01-17T18:23:27","modified_gmt":"2017-01-17T18:23:27","slug":"paneles-solares-nutriran-de-energia-al-palacio-municipal-de-saltillo","status":"publish","type":"post","link":"https:\/\/notitodo.com.mx\/wp\/paneles-solares-nutriran-de-energia-al-palacio-municipal-de-saltillo\/","title":{"rendered":"Paneles solares nutrir\u00e1n de energ\u00eda al Palacio Municipal de Saltillo"},"content":{"rendered":"<p>El ayuntamiento de Saltillo, Coahuila, anunci\u00f3 que pr\u00f3ximamente instalar\u00e1 paneles solares para las oficinas del palacio municipal, y sustituir\u00e1 la iluminaci\u00f3n actual por sistemas LED, con el objeto de disminuir el consumo de energ\u00eda el\u00e9ctrica y aportar su granito de arena en pro de la ecolog\u00eda y las fuentes naturales: prev\u00e9n ahorrar un 80 por ciento de luz.<\/p>\n<p>El gobierno asegura que ratifica, a trav\u00e9s de acciones, su elecci\u00f3n por la sustentabilidad.<\/p>\n<p>A trav\u00e9s del proyecto \u2018\u00abEstudio de viabilidad e implementaci\u00f3n de un plan piloto de Generaci\u00f3n de Energ\u00eda y sistemas ahorradores con control inteligente para espacios administrados por el Municipio de Saltillo\u00bb, se pretende eliminar o, al menos, reducir el consumo de<!--more--> energ\u00eda el\u00e9ctrica por medio de la renovaci\u00f3n de l\u00e1mparas fluorescentes\u2026\u2019<\/p>\n<p>\u2026 por l\u00e1mparas con tecnolog\u00eda LED, para lo cual se destin\u00f3 al municipio un total de nueve millones 547 mil 224 pesos. El proceso de tecnolog\u00eda y ambiente fue inscrito por la Direcci\u00f3n General de Infraestructura y Servicios P\u00fablicos en la Plataforma Inform\u00e1tica del Consejo Nacional de Ciencia y Tecnolog\u00eda (Conacyt)\u201d, aseguraron autoridades locales.<\/p>\n<p>Adem\u00e1s, se trabaja coordinadamente con el Fondo Institucional de Fomento Regional para el Desarrollo Cient\u00edfico, Tecnol\u00f3gico y de Innovaci\u00f3n (Fordecyt). Por su parte, la direcci\u00f3n General de Infraestructura y Servicios P\u00fablicos adelant\u00f3 que se contempla la \u2018instalaci\u00f3n de 350 paneles solares de 255 watts, dos inversores de 40 kilowatts y la sustituci\u00f3n\u2026\u2019<\/p>\n<p>\u2026 de mil 400 l\u00e1mparas fluorescentes por l\u00e1mparas de tecnolog\u00eda LED; todo esto, tan s\u00f3lo en la presidencia municipal. Para la unidad administrativa se destinar\u00e1n 310 paneles solares de 255 watts, dos inversores de 40 kilowatts y la sustituci\u00f3n de 805 l\u00e1mparas fluorescentes por l\u00e1mparas de tecnolog\u00eda LED\u201d, celebraron los funcionarios del palacio municipal.<\/p>\n<p>Finalmente destacaron que en la capital estatal se obtiene energ\u00eda a trav\u00e9s de un proceso de descomposici\u00f3n de basura del relleno sanitario, adem\u00e1s de que tambi\u00e9n obtienen fuerza el\u00e9ctrica en la planta tratadora de aguas residuales a partir de lodos.<\/p>\n<p>edd<br \/>\nfuente: excerlsior<\/p>\n","protected":false},"excerpt":{"rendered":"<p>El ayuntamiento de Saltillo, Coahuila, anunci\u00f3 que pr\u00f3ximamente instalar\u00e1 paneles solares para las oficinas del palacio municipal, y sustituir\u00e1 la iluminaci\u00f3n actual por sistemas LED, con el objeto de disminuir el consumo de energ\u00eda el\u00e9ctrica y aportar su granito de arena en pro de la ecolog\u00eda y las fuentes naturales: prev\u00e9n ahorrar un 80 por [&hellip;]<\/p>\n","protected":false},"author":5,"featured_media":6141,"comment_status":"open","ping_status":"open","sticky":false,"template":"","format":"standard","meta":{"footnotes":""},"categories":[6],"tags":[],"class_list":["post-6140","post","type-post","status-publish","format-standard","has-post-thumbnail","hentry","category-nacionales"],"views":6,"_links":{"self":[{"href":"https:\/\/notitodo.com.mx\/wp\/wp-json\/wp\/v2\/posts\/6140","targetHints":{"allow":["GET"]}}],"collection":[{"href":"https:\/\/notitodo.com.mx\/wp\/wp-json\/wp\/v2\/posts"}],"about":[{"href":"https:\/\/notitodo.com.mx\/wp\/wp-json\/wp\/v2\/types\/post"}],"author":[{"embeddable":true,"href":"https:\/\/notitodo.com.mx\/wp\/wp-json\/wp\/v2\/users\/5"}],"replies":[{"embeddable":true,"href":"https:\/\/notitodo.com.mx\/wp\/wp-json\/wp\/v2\/comments?post=6140"}],"version-history":[{"count":1,"href":"https:\/\/notitodo.com.mx\/wp\/wp-json\/wp\/v2\/posts\/6140\/revisions"}],"predecessor-version":[{"id":6142,"href":"https:\/\/notitodo.com.mx\/wp\/wp-json\/wp\/v2\/posts\/6140\/revisions\/6142"}],"wp:featuredmedia":[{"embeddable":true,"href":"https:\/\/notitodo.com.mx\/wp\/wp-json\/wp\/v2\/media\/6141"}],"wp:attachment":[{"href":"https:\/\/notitodo.com.mx\/wp\/wp-json\/wp\/v2\/media?parent=6140"}],"wp:term":[{"taxonomy":"category","embeddable":true,"href":"https:\/\/notitodo.com.mx\/wp\/wp-json\/wp\/v2\/categories?post=6140"},{"taxonomy":"post_tag","embeddable":true,"href":"https:\/\/notitodo.com.mx\/wp\/wp-json\/wp\/v2\/tags?post=6140"}],"curies":[{"name":"wp","href":"https:\/\/api.w.org\/{rel}","templated":true}]}}