{"id":61398,"date":"2019-06-09T04:53:23","date_gmt":"2019-06-09T04:53:23","guid":{"rendered":"https:\/\/notitodo.com.mx\/wp\/?p=61398"},"modified":"2019-06-09T04:53:23","modified_gmt":"2019-06-09T04:53:23","slug":"revisa-gobernador-con-gabinete-plan-de-inversion-y-programas-prioritarios","status":"publish","type":"post","link":"https:\/\/notitodo.com.mx\/wp\/revisa-gobernador-con-gabinete-plan-de-inversion-y-programas-prioritarios\/","title":{"rendered":"Revisa Gobernador con Gabinete plan de inversi\u00f3n y programas prioritarios"},"content":{"rendered":"<p>Tambi\u00e9n se analiz\u00f3 el estatus que guarda en la Suprema Corte de Justicia de la Naci\u00f3n la Controversia Constitucional que presentaron los diputados de Morena a la reestructuraci\u00f3n de la deuda y que ha ocasionado costo de tiempo y recursos muy altos al Estado<\/p>\n<p>A lo largo de todo este s\u00e1bado el gobernador del estado, Javier Corral Jurado, se reuni\u00f3 con su gabinete para hacer un seguimiento puntual a los<\/p>\n<p><!--more--><\/p>\n<p>proyectos y programas prioritarios de su administraci\u00f3n.<\/p>\n<p>Adem\u00e1s, revis\u00f3 el plan de inversi\u00f3n y los tiempos de ejecuci\u00f3n de las obras que han sido proyectadas.<\/p>\n<p>Tambi\u00e9n se analiz\u00f3 el estatus que guarda en la Suprema Corte de Justicia de la Naci\u00f3n, el tema de la reestructuraci\u00f3n de la deuda del Estado, contra la que diputados de Morena en el Congreso local presentaron Controversia Constitucional.<\/p>\n<p>Al respecto, el gobernador Javier Corral manifest\u00f3 que el retraso e indefinici\u00f3n le han generado al Estado un costo de tiempo y recursos, muy alto.<\/p>\n<p>\u201cEstamos buscando destrabar la controversia\u201d, se\u00f1alo el gobernador al revisar este tema con su gabinete.<\/p>\n","protected":false},"excerpt":{"rendered":"<p>Tambi\u00e9n se analiz\u00f3 el estatus que guarda en la Suprema Corte de Justicia de la Naci\u00f3n la Controversia Constitucional que presentaron los diputados de Morena a la reestructuraci\u00f3n de la deuda y que ha ocasionado costo de tiempo y recursos muy altos al Estado A lo largo de todo este s\u00e1bado el gobernador del estado, [&hellip;]<\/p>\n","protected":false},"author":5,"featured_media":61400,"comment_status":"open","ping_status":"open","sticky":false,"template":"","format":"standard","meta":{"footnotes":""},"categories":[7],"tags":[],"class_list":["post-61398","post","type-post","status-publish","format-standard","has-post-thumbnail","hentry","category-estatales"],"views":4,"_links":{"self":[{"href":"https:\/\/notitodo.com.mx\/wp\/wp-json\/wp\/v2\/posts\/61398","targetHints":{"allow":["GET"]}}],"collection":[{"href":"https:\/\/notitodo.com.mx\/wp\/wp-json\/wp\/v2\/posts"}],"about":[{"href":"https:\/\/notitodo.com.mx\/wp\/wp-json\/wp\/v2\/types\/post"}],"author":[{"embeddable":true,"href":"https:\/\/notitodo.com.mx\/wp\/wp-json\/wp\/v2\/users\/5"}],"replies":[{"embeddable":true,"href":"https:\/\/notitodo.com.mx\/wp\/wp-json\/wp\/v2\/comments?post=61398"}],"version-history":[{"count":1,"href":"https:\/\/notitodo.com.mx\/wp\/wp-json\/wp\/v2\/posts\/61398\/revisions"}],"predecessor-version":[{"id":61401,"href":"https:\/\/notitodo.com.mx\/wp\/wp-json\/wp\/v2\/posts\/61398\/revisions\/61401"}],"wp:featuredmedia":[{"embeddable":true,"href":"https:\/\/notitodo.com.mx\/wp\/wp-json\/wp\/v2\/media\/61400"}],"wp:attachment":[{"href":"https:\/\/notitodo.com.mx\/wp\/wp-json\/wp\/v2\/media?parent=61398"}],"wp:term":[{"taxonomy":"category","embeddable":true,"href":"https:\/\/notitodo.com.mx\/wp\/wp-json\/wp\/v2\/categories?post=61398"},{"taxonomy":"post_tag","embeddable":true,"href":"https:\/\/notitodo.com.mx\/wp\/wp-json\/wp\/v2\/tags?post=61398"}],"curies":[{"name":"wp","href":"https:\/\/api.w.org\/{rel}","templated":true}]}}