{"id":61357,"date":"2019-06-08T23:09:20","date_gmt":"2019-06-08T23:09:20","guid":{"rendered":"https:\/\/notitodo.com.mx\/wp\/?p=61357"},"modified":"2019-06-08T23:09:20","modified_gmt":"2019-06-08T23:09:20","slug":"inauguran-gimnasio-de-la-secundaria-federal-en-camargo","status":"publish","type":"post","link":"https:\/\/notitodo.com.mx\/wp\/inauguran-gimnasio-de-la-secundaria-federal-en-camargo\/","title":{"rendered":"INAUGURAN GIMNASIO DE LA SECUNDARIA FEDERAL EN CAMARGO"},"content":{"rendered":"<p>En compa\u00f1\u00eda del Gobernador Estatal, Javier Corral, y el alcalde de Camargo, Arturo Zub\u00eda, el Diputado Luis Aguilar estuvo presente en la inauguraci\u00f3n del Gimnasio de la Secundaria Federal Benem\u00e9rito de las Am\u00e9ricas, en esta ciudad.<!--more--><br \/>\n\u201cEl compromiso con la educaci\u00f3n de nuestros adolescentes est\u00e1 vigente, y seguiremos gestionando estos apoyos para mejorar las instalaciones e infraestructura de nuestras escuelas, buscando que esto se traduzca en una mejor educaci\u00f3n y en contar con espacios para realizar actividades f\u00edsicas, y promover la salud dentro de las instituciones educativas.\u201d, coment\u00f3 el Diputado Aguilar.<br \/>\nEsta obra, con una inversi\u00f3n de 1 mill\u00f3n de pesos, fue realizada en tres etapas y brindar\u00e1 a la Secundaria Federal un gimnasio-auditorio, donde se realizar\u00e1n tanto actividades deportivas, como culturales y sociales organizadas por dicha escuela.<\/p>\n","protected":false},"excerpt":{"rendered":"<p>En compa\u00f1\u00eda del Gobernador Estatal, Javier Corral, y el alcalde de Camargo, Arturo Zub\u00eda, el Diputado Luis Aguilar estuvo presente en la inauguraci\u00f3n del Gimnasio de la Secundaria Federal Benem\u00e9rito de las Am\u00e9ricas, en esta ciudad.<\/p>\n","protected":false},"author":5,"featured_media":61359,"comment_status":"open","ping_status":"open","sticky":false,"template":"","format":"standard","meta":{"footnotes":""},"categories":[7],"tags":[],"class_list":["post-61357","post","type-post","status-publish","format-standard","has-post-thumbnail","hentry","category-estatales"],"views":35,"_links":{"self":[{"href":"https:\/\/notitodo.com.mx\/wp\/wp-json\/wp\/v2\/posts\/61357","targetHints":{"allow":["GET"]}}],"collection":[{"href":"https:\/\/notitodo.com.mx\/wp\/wp-json\/wp\/v2\/posts"}],"about":[{"href":"https:\/\/notitodo.com.mx\/wp\/wp-json\/wp\/v2\/types\/post"}],"author":[{"embeddable":true,"href":"https:\/\/notitodo.com.mx\/wp\/wp-json\/wp\/v2\/users\/5"}],"replies":[{"embeddable":true,"href":"https:\/\/notitodo.com.mx\/wp\/wp-json\/wp\/v2\/comments?post=61357"}],"version-history":[{"count":1,"href":"https:\/\/notitodo.com.mx\/wp\/wp-json\/wp\/v2\/posts\/61357\/revisions"}],"predecessor-version":[{"id":61360,"href":"https:\/\/notitodo.com.mx\/wp\/wp-json\/wp\/v2\/posts\/61357\/revisions\/61360"}],"wp:featuredmedia":[{"embeddable":true,"href":"https:\/\/notitodo.com.mx\/wp\/wp-json\/wp\/v2\/media\/61359"}],"wp:attachment":[{"href":"https:\/\/notitodo.com.mx\/wp\/wp-json\/wp\/v2\/media?parent=61357"}],"wp:term":[{"taxonomy":"category","embeddable":true,"href":"https:\/\/notitodo.com.mx\/wp\/wp-json\/wp\/v2\/categories?post=61357"},{"taxonomy":"post_tag","embeddable":true,"href":"https:\/\/notitodo.com.mx\/wp\/wp-json\/wp\/v2\/tags?post=61357"}],"curies":[{"name":"wp","href":"https:\/\/api.w.org\/{rel}","templated":true}]}}