{"id":60728,"date":"2019-06-02T20:27:58","date_gmt":"2019-06-02T20:27:58","guid":{"rendered":"https:\/\/notitodo.com.mx\/wp\/?p=60728"},"modified":"2019-06-02T20:27:58","modified_gmt":"2019-06-02T20:27:58","slug":"lleva-estado-feria-de-servicios-para-ninas-adolescentes-y-mujeres-a-laderas-de-san-guillermo","status":"publish","type":"post","link":"https:\/\/notitodo.com.mx\/wp\/lleva-estado-feria-de-servicios-para-ninas-adolescentes-y-mujeres-a-laderas-de-san-guillermo\/","title":{"rendered":"Lleva Estado Feria de Servicios para Ni\u00f1as, Adolescentes y Mujeres a Laderas de San Guillermo"},"content":{"rendered":"<p>Como parte del Plan Emergente para Prevenir y Atender la Violencia de G\u00e9nero, Desarrollo Social e Ichmujeres llevan para optimizar la calidad de vida de las zonas m\u00e1s vulneradas<\/p>\n<p>Este s\u00e1bado se puso en marcha el Plan Emergente para Prevenir y Atender la Violencia de G\u00e9nero a trav\u00e9s de la Feria de Servicios para Ni\u00f1as, Adolescentes y Mujeres, en la colonia Laderas de San Guillermo, del municipio de Aquiles Serd\u00e1n, que est\u00e1 conurbada con la capital del estado.<\/p>\n<p>Por medio de una estrategia intersecretarial, se instalaron servicios de salud preventiva, asesor\u00eda jur\u00eddica y psicol\u00f3gica, adem\u00e1s de actividades recreativas, desde<\/p>\n<p><!--more--><\/p>\n<p>el centro comunitario de este sector.<\/p>\n<p>V\u00edctor Quintana Silveyra, secretario de Desarrollo Social dio a conocer que se convoc\u00f3 a las diversas dependencias para que brindaran atenci\u00f3n integral a la poblaci\u00f3n, con especial \u00e9nfasis en las ni\u00f1as, adolescentes y mujeres.<\/p>\n<p>\u201cBuscamos llamar a la comunidad a trav\u00e9s de estas ferias, para que conozcan los servicios p\u00fablicos a los que pueden acceder, lo cual surge del Plan Emergente para Prevenir y Atender la Violencia de G\u00e9nero\u201d, explic\u00f3.<\/p>\n<p>Se\u00f1al\u00f3 que el inter\u00e9s del Gobierno del Estado de Chihuahua por Laderas de San Guillermo, en particular, obedece a que ah\u00ed se han detectado altos \u00edndices de violencia hacia las mujeres.<\/p>\n<p>A su vez, la directora del Instituto Chihuahuense de las Mujeres (Ichmujeres), Emma Salda\u00f1a Lobera, inform\u00f3 que los programas ofrecidos en esta Feria fueron de acompa\u00f1amiento psicosocial y de prevenci\u00f3n a la violencia, adem\u00e1s de asesor\u00edas, talleres y cine-debate.<br \/>\nTambi\u00e9n \u2013agreg\u00f3-, se acercaron servicios como pruebas de Papanicolaou, detecci\u00f3n de diabetes, vacunaci\u00f3n, cortes de pelo, condonaci\u00f3n de actas de nacimiento y bolsa de trabajo.<\/p>\n<p>\u201cPara facilitar la atenci\u00f3n a las mujeres, instalamos tambi\u00e9n un \u00e1rea l\u00fadica para ni\u00f1as y ni\u00f1os, as\u00ed las madres pueden acudir a los m\u00f3dulos de atenci\u00f3n mientras dejan a sus hijas e hijos en compa\u00f1\u00eda\u201d, observ\u00f3.<\/p>\n<p>La directora del Ichmujeres anunci\u00f3 que la pr\u00f3xima Feria de Servicios se instalar\u00e1 en la colonia Riberas de Sacramento, con el objetivo de hacer presencia en zonas identificadas como de alta vulneraci\u00f3n.<\/p>\n<p>Por parte de las personas que viven en Laderas de San Guillermo, Gloria Bencomo, de 50 a\u00f1os, comparti\u00f3 que acudi\u00f3 a realizarse una prueba de diabetes, y aprovech\u00f3 para llevar a sus hijos a recibir un corte de pelo.<\/p>\n<p>\u201cEstos eventos me parecen excelentes y deber\u00edan realizarlos m\u00e1s seguido. (Yo) Pedir\u00eda a otras personas, que se acerquen a estos servicios porque es de mucha ayuda cuando se tienen estos acercamientos a las colonias\u201d, dijo.<\/p>\n<p>Otra asistente, fue la se\u00f1ora Luc\u00eda M\u00e1rquez, de 53 a\u00f1os, quien fue en busca de asesor\u00eda jur\u00eddica para tomar la custodia de sus tres nietas, de quienes se hace cargo.<\/p>\n<p>\u201cEn esta comunidad buscamos apoyo y seguridad, principalmente del patrullaje en las noches para poder caminar seguras del trabajo a la casa\u201d, expres\u00f3.<\/p>\n","protected":false},"excerpt":{"rendered":"<p>Como parte del Plan Emergente para Prevenir y Atender la Violencia de G\u00e9nero, Desarrollo Social e Ichmujeres llevan para optimizar la calidad de vida de las zonas m\u00e1s vulneradas Este s\u00e1bado se puso en marcha el Plan Emergente para Prevenir y Atender la Violencia de G\u00e9nero a trav\u00e9s de la Feria de Servicios para Ni\u00f1as, [&hellip;]<\/p>\n","protected":false},"author":5,"featured_media":60731,"comment_status":"open","ping_status":"open","sticky":false,"template":"","format":"standard","meta":{"footnotes":""},"categories":[15],"tags":[],"class_list":["post-60728","post","type-post","status-publish","format-standard","has-post-thumbnail","hentry","category-educacion"],"views":39,"_links":{"self":[{"href":"https:\/\/notitodo.com.mx\/wp\/wp-json\/wp\/v2\/posts\/60728","targetHints":{"allow":["GET"]}}],"collection":[{"href":"https:\/\/notitodo.com.mx\/wp\/wp-json\/wp\/v2\/posts"}],"about":[{"href":"https:\/\/notitodo.com.mx\/wp\/wp-json\/wp\/v2\/types\/post"}],"author":[{"embeddable":true,"href":"https:\/\/notitodo.com.mx\/wp\/wp-json\/wp\/v2\/users\/5"}],"replies":[{"embeddable":true,"href":"https:\/\/notitodo.com.mx\/wp\/wp-json\/wp\/v2\/comments?post=60728"}],"version-history":[{"count":1,"href":"https:\/\/notitodo.com.mx\/wp\/wp-json\/wp\/v2\/posts\/60728\/revisions"}],"predecessor-version":[{"id":60732,"href":"https:\/\/notitodo.com.mx\/wp\/wp-json\/wp\/v2\/posts\/60728\/revisions\/60732"}],"wp:featuredmedia":[{"embeddable":true,"href":"https:\/\/notitodo.com.mx\/wp\/wp-json\/wp\/v2\/media\/60731"}],"wp:attachment":[{"href":"https:\/\/notitodo.com.mx\/wp\/wp-json\/wp\/v2\/media?parent=60728"}],"wp:term":[{"taxonomy":"category","embeddable":true,"href":"https:\/\/notitodo.com.mx\/wp\/wp-json\/wp\/v2\/categories?post=60728"},{"taxonomy":"post_tag","embeddable":true,"href":"https:\/\/notitodo.com.mx\/wp\/wp-json\/wp\/v2\/tags?post=60728"}],"curies":[{"name":"wp","href":"https:\/\/api.w.org\/{rel}","templated":true}]}}