{"id":59418,"date":"2019-05-23T07:54:34","date_gmt":"2019-05-23T07:54:34","guid":{"rendered":"https:\/\/notitodo.com.mx\/wp\/?p=59418"},"modified":"2019-05-23T07:54:34","modified_gmt":"2019-05-23T07:54:34","slug":"presenta-secretario-de-educacion-y-deporte-en-seech-a-la-nueva-subsecretaria-de-educacion","status":"publish","type":"post","link":"https:\/\/notitodo.com.mx\/wp\/presenta-secretario-de-educacion-y-deporte-en-seech-a-la-nueva-subsecretaria-de-educacion\/","title":{"rendered":"Presenta Secretario de Educaci\u00f3n y Deporte en Seech a la nueva Subsecretaria de Educaci\u00f3n"},"content":{"rendered":"<p>El secretario de Educaci\u00f3n y Deporte, Carlos Gonz\u00e1lez Herrera, llev\u00f3 a cabo la presentaci\u00f3n de la nueva subsecretaria de Educaci\u00f3n B\u00e1sica de la citada dependencia, Sandra Guti\u00e9rrez Fierro, ante la estructura directiva de Servicios Educativos del Estado de Chihuahua (Seech).<\/p>\n<p>El titular de la SEyD expres\u00f3 en su mensaje, que a la comunidad y a los propios padres y madres de familia no les interesa mucho qu\u00e9 subsistema educativo atiende a sus hijas e hijos, ni los aspectos de competencia institucional, sino la atenci\u00f3n que se ofrece en las escuelas, por ello, consider\u00f3 que<\/p>\n<p><!--more--><\/p>\n<p>se debe trabajar con la firme convicci\u00f3n de que la adecuada prestaci\u00f3n del servicio de educaci\u00f3n b\u00e1sica debe ser un objetivo com\u00fan de ambos subsistemas; estatal y federal.<\/p>\n<p>Destac\u00f3 que la nueva funcionaria es una persona de gran conocimiento y experiencia en la materia, por lo que su nombramiento refleja el convencimiento y respeto que se tiene por la profesi\u00f3n de las y los docentes en Chihuahua.<\/p>\n<p>Gonz\u00e1lez Herrera agreg\u00f3 que se tienen actualmente grandes retos en el sector educativo, tanto a nivel local como en el panorama nacional, con la llegada de la nueva administraci\u00f3n federal, sin embargo, enfatiz\u00f3 que se hacen y se har\u00e1n todos los esfuerzos posibles para dar certeza a la labor que desarrolla el sistema educativo en el Estado de Chihuahua.<\/p>\n<p>A su vez la nueva subsecretaria, Sandra Guti\u00e9rrez Fierro, reconoci\u00f3 el trabajo desarrollado hasta ahora en Servicios Educativos del Estado de Chihuahua e indic\u00f3 que conoce ya algunos de los programas y acciones que se llevan a cabo, como lo relativo a la inclusi\u00f3n educativa; asimismo, consider\u00f3 que la labor desarrollada durante la actual administraci\u00f3n, ha dado a este organismo \u201cotra cara\u201d, por lo que trabajar\u00e1 de manera coordinada con este organismo responsable del subsistema educativo federal en la entidad.<\/p>\n","protected":false},"excerpt":{"rendered":"<p>El secretario de Educaci\u00f3n y Deporte, Carlos Gonz\u00e1lez Herrera, llev\u00f3 a cabo la presentaci\u00f3n de la nueva subsecretaria de Educaci\u00f3n B\u00e1sica de la citada dependencia, Sandra Guti\u00e9rrez Fierro, ante la estructura directiva de Servicios Educativos del Estado de Chihuahua (Seech). El titular de la SEyD expres\u00f3 en su mensaje, que a la comunidad y a [&hellip;]<\/p>\n","protected":false},"author":12,"featured_media":59420,"comment_status":"open","ping_status":"open","sticky":false,"template":"","format":"standard","meta":{"footnotes":""},"categories":[7],"tags":[],"class_list":["post-59418","post","type-post","status-publish","format-standard","has-post-thumbnail","hentry","category-estatales"],"views":52,"_links":{"self":[{"href":"https:\/\/notitodo.com.mx\/wp\/wp-json\/wp\/v2\/posts\/59418","targetHints":{"allow":["GET"]}}],"collection":[{"href":"https:\/\/notitodo.com.mx\/wp\/wp-json\/wp\/v2\/posts"}],"about":[{"href":"https:\/\/notitodo.com.mx\/wp\/wp-json\/wp\/v2\/types\/post"}],"author":[{"embeddable":true,"href":"https:\/\/notitodo.com.mx\/wp\/wp-json\/wp\/v2\/users\/12"}],"replies":[{"embeddable":true,"href":"https:\/\/notitodo.com.mx\/wp\/wp-json\/wp\/v2\/comments?post=59418"}],"version-history":[{"count":1,"href":"https:\/\/notitodo.com.mx\/wp\/wp-json\/wp\/v2\/posts\/59418\/revisions"}],"predecessor-version":[{"id":59421,"href":"https:\/\/notitodo.com.mx\/wp\/wp-json\/wp\/v2\/posts\/59418\/revisions\/59421"}],"wp:featuredmedia":[{"embeddable":true,"href":"https:\/\/notitodo.com.mx\/wp\/wp-json\/wp\/v2\/media\/59420"}],"wp:attachment":[{"href":"https:\/\/notitodo.com.mx\/wp\/wp-json\/wp\/v2\/media?parent=59418"}],"wp:term":[{"taxonomy":"category","embeddable":true,"href":"https:\/\/notitodo.com.mx\/wp\/wp-json\/wp\/v2\/categories?post=59418"},{"taxonomy":"post_tag","embeddable":true,"href":"https:\/\/notitodo.com.mx\/wp\/wp-json\/wp\/v2\/tags?post=59418"}],"curies":[{"name":"wp","href":"https:\/\/api.w.org\/{rel}","templated":true}]}}