{"id":59406,"date":"2019-05-23T07:48:04","date_gmt":"2019-05-23T07:48:04","guid":{"rendered":"https:\/\/notitodo.com.mx\/wp\/?p=59406"},"modified":"2019-05-23T07:48:04","modified_gmt":"2019-05-23T07:48:04","slug":"inauguraran-manana-icm-y-cappsi-mural-artistico-en-preparatoria-maestros-mexicanos","status":"publish","type":"post","link":"https:\/\/notitodo.com.mx\/wp\/inauguraran-manana-icm-y-cappsi-mural-artistico-en-preparatoria-maestros-mexicanos\/","title":{"rendered":"Inaugurar\u00e1n ma\u00f1ana ICM y CAPPSI mural art\u00edstico en preparatoria Maestros Mexicanos"},"content":{"rendered":"<p>En el marco de la celebraci\u00f3n del D\u00eda del Estudiante, este jueves se inaugurar\u00e1 un mural art\u00edstico elaborado sobre uno de los muros exteriores de la preparatoria Maestros Mexicanos, en la colonia Divisi\u00f3n del Norte al sur de la ciudad, como parte del programa Muralismo Comunitario del Instituto de Cultura del Municipio, en colaboraci\u00f3n con el Centro de Atenci\u00f3n y Prevenci\u00f3n Psicol\u00f3gica (CAPPSI).<\/p>\n<p>La intervenci\u00f3n socio cultural en este centro educativo, surge de la necesidad de atenci\u00f3n a zonas espec\u00edficas del programa \u201cMi colonia es mi casa\u201d, una iniciativa del Gobierno Municipal en colaboraci\u00f3n con la Agencia de los Estados Unidos para el Desarrollo Internacional (USAID), que tiene como objetivo el combate a la marginaci\u00f3n.<\/p>\n<p>Los alumnos que participaron en esta actividad forman parte de la clase de artes del maestro Elvis Lugo, y previamente a la elaboraci\u00f3n del<\/p>\n<p><!--more--><\/p>\n<p>mural, trabajaron en una serie de talleres auspiciados por el CAPPSI, impartidos por las maestras Daniela Estefan\u00eda Mart\u00ednez V\u00e1zquez, Alejandra Garc\u00eda Aguilar Nubia P\u00e9rez, donde se les ofreci\u00f3 una capacitaci\u00f3n en torno al manejo de emociones, inteligencia emocional y herramientas para la vida.<\/p>\n<p>En estas mismas sesiones, los estudiantes resolvieron los elementos que ahora forman parte del mural y que est\u00e1n relacionados con la definici\u00f3n cultural de las generaciones \u201cx\u201d y \u201cy\u201d, t\u00e9rminos con los que se identifica a quienes nacieron ente 1965 y 1994. De esta forma pueden observarse en el mural algunas ideas como los videojuegos que marcaron la \u00e9poca, entre los que destaca \u201cMario Bross\u201d.<\/p>\n<p>De igual forma en esta obra art\u00edstica, se puede ver a \u201cEl \u00c1guila\u201d como un elemento de gran identidad para la comunidad estudiantil de la preparatoria Maestro Mexicanos, ya que constituye el emblema de su escudo, as\u00ed como la representaci\u00f3n de las cuatro estaciones del a\u00f1o, primavera, verano, oto\u00f1o e invierno, nociones que surgen al igual, de los trabajos preliminares.<\/p>\n<p>En la coordinaci\u00f3n de esta actividad del programa Muralismo Comunitario del ICM y las labores propias de creaci\u00f3n art\u00edstica destaca la participaci\u00f3n de Rosario Rodr\u00edguez Carbajal y Antonio Leal Bejarano \u201cTerremoto\u201d, as\u00ed como de Paola Anchondo, prestadora de servicio social de la Facultad de Artes de la UACH.<\/p>\n<p>La inauguraci\u00f3n del mural se llevar\u00e1 a cabo este jueves 23 de mayo a las 11 de la ma\u00f1ana en las instalaciones de la escuela preparatoria Maestro Mexicanos, ubicada en la esquina de las calles Tercera y Lucio Caba\u00f1as, en la colonia Divisi\u00f3n del Norte. Al finalizar, los estudiantes y dem\u00e1s participantes de esta actividad sostendr\u00e1n un convivio de cierre de proyecto.<\/p>\n<p>&#8212;<\/p>\n","protected":false},"excerpt":{"rendered":"<p>En el marco de la celebraci\u00f3n del D\u00eda del Estudiante, este jueves se inaugurar\u00e1 un mural art\u00edstico elaborado sobre uno de los muros exteriores de la preparatoria Maestros Mexicanos, en la colonia Divisi\u00f3n del Norte al sur de la ciudad, como parte del programa Muralismo Comunitario del Instituto de Cultura del Municipio, en colaboraci\u00f3n con [&hellip;]<\/p>\n","protected":false},"author":12,"featured_media":59408,"comment_status":"open","ping_status":"open","sticky":false,"template":"","format":"standard","meta":{"footnotes":""},"categories":[15],"tags":[],"class_list":["post-59406","post","type-post","status-publish","format-standard","has-post-thumbnail","hentry","category-educacion"],"views":46,"_links":{"self":[{"href":"https:\/\/notitodo.com.mx\/wp\/wp-json\/wp\/v2\/posts\/59406","targetHints":{"allow":["GET"]}}],"collection":[{"href":"https:\/\/notitodo.com.mx\/wp\/wp-json\/wp\/v2\/posts"}],"about":[{"href":"https:\/\/notitodo.com.mx\/wp\/wp-json\/wp\/v2\/types\/post"}],"author":[{"embeddable":true,"href":"https:\/\/notitodo.com.mx\/wp\/wp-json\/wp\/v2\/users\/12"}],"replies":[{"embeddable":true,"href":"https:\/\/notitodo.com.mx\/wp\/wp-json\/wp\/v2\/comments?post=59406"}],"version-history":[{"count":1,"href":"https:\/\/notitodo.com.mx\/wp\/wp-json\/wp\/v2\/posts\/59406\/revisions"}],"predecessor-version":[{"id":59409,"href":"https:\/\/notitodo.com.mx\/wp\/wp-json\/wp\/v2\/posts\/59406\/revisions\/59409"}],"wp:featuredmedia":[{"embeddable":true,"href":"https:\/\/notitodo.com.mx\/wp\/wp-json\/wp\/v2\/media\/59408"}],"wp:attachment":[{"href":"https:\/\/notitodo.com.mx\/wp\/wp-json\/wp\/v2\/media?parent=59406"}],"wp:term":[{"taxonomy":"category","embeddable":true,"href":"https:\/\/notitodo.com.mx\/wp\/wp-json\/wp\/v2\/categories?post=59406"},{"taxonomy":"post_tag","embeddable":true,"href":"https:\/\/notitodo.com.mx\/wp\/wp-json\/wp\/v2\/tags?post=59406"}],"curies":[{"name":"wp","href":"https:\/\/api.w.org\/{rel}","templated":true}]}}