{"id":59103,"date":"2019-05-21T05:09:55","date_gmt":"2019-05-21T05:09:55","guid":{"rendered":"https:\/\/notitodo.com.mx\/wp\/?p=59103"},"modified":"2019-05-21T05:09:55","modified_gmt":"2019-05-21T05:09:55","slug":"acuden-estudiantes-de-ut-paquime-al-xxi-congreso-internacional-de-mercadotecnia","status":"publish","type":"post","link":"https:\/\/notitodo.com.mx\/wp\/acuden-estudiantes-de-ut-paquime-al-xxi-congreso-internacional-de-mercadotecnia\/","title":{"rendered":"Acuden estudiantes de UT Paquim\u00e9 al  XXI Congreso Internacional de Mercadotecnia"},"content":{"rendered":"<p>Derivado del modelo educativo de la Universidad Tecnol\u00f3gica de Paquim\u00e9 (UT Paquim\u00e9), 23 estudiantes y seis docente de las carreras de Tecnolog\u00edas de la Informaci\u00f3n y Desarrollo de Negocios de la citada instituci\u00f3n educativa participaron en el XXI Congreso Internacional de Mercadotecnia en Puerto Vallarta, Jalisco, el cual se efectu\u00f3 del 9 al 11 de mayo.<\/p>\n<p>En este encuentro, se abordaron temas actuales derivados del marketing durante las conferencias: El ojo de Dios: Marketing Omnipresente; Black Mirror Marketing; Manejo del cambio, pros y contras en su implementaci\u00f3n; Ejemplos de transformaci\u00f3n y del manejo del<\/p>\n<p><!--more--><\/p>\n<p>cambio en las empresas de tecnolog\u00eda, entre otras.<\/p>\n<p>Los ejes tem\u00e1ticos en las diversas actividades fueron: marketing e imagen corporativa; ventajas del posicionamiento en medios digitales, desarrollo de apps m\u00f3viles; proyectos de innovaci\u00f3n; impacto de las redes sociales ante nuestras vidas actuales; dise\u00f1o y desarrollo del estudio de mercados para la toma de decisiones.<\/p>\n<p>El grupo representativo de la UT de Paquim\u00e9 extern\u00f3 su satisfacci\u00f3n al acudir al encuentro, ya que se\u00f1alaron que los contenidos son de gran relevancia en las carreras que cursan, adem\u00e1s de que pudieron rescatar diferentes t\u00e9cnicas y herramientas que sin duda les servir\u00e1n para su pr\u00e1ctica profesional.<\/p>\n","protected":false},"excerpt":{"rendered":"<p>Derivado del modelo educativo de la Universidad Tecnol\u00f3gica de Paquim\u00e9 (UT Paquim\u00e9), 23 estudiantes y seis docente de las carreras de Tecnolog\u00edas de la Informaci\u00f3n y Desarrollo de Negocios de la citada instituci\u00f3n educativa participaron en el XXI Congreso Internacional de Mercadotecnia en Puerto Vallarta, Jalisco, el cual se efectu\u00f3 del 9 al 11 de [&hellip;]<\/p>\n","protected":false},"author":12,"featured_media":59105,"comment_status":"open","ping_status":"open","sticky":false,"template":"","format":"standard","meta":{"footnotes":""},"categories":[15],"tags":[],"class_list":["post-59103","post","type-post","status-publish","format-standard","has-post-thumbnail","hentry","category-educacion"],"views":35,"_links":{"self":[{"href":"https:\/\/notitodo.com.mx\/wp\/wp-json\/wp\/v2\/posts\/59103","targetHints":{"allow":["GET"]}}],"collection":[{"href":"https:\/\/notitodo.com.mx\/wp\/wp-json\/wp\/v2\/posts"}],"about":[{"href":"https:\/\/notitodo.com.mx\/wp\/wp-json\/wp\/v2\/types\/post"}],"author":[{"embeddable":true,"href":"https:\/\/notitodo.com.mx\/wp\/wp-json\/wp\/v2\/users\/12"}],"replies":[{"embeddable":true,"href":"https:\/\/notitodo.com.mx\/wp\/wp-json\/wp\/v2\/comments?post=59103"}],"version-history":[{"count":1,"href":"https:\/\/notitodo.com.mx\/wp\/wp-json\/wp\/v2\/posts\/59103\/revisions"}],"predecessor-version":[{"id":59106,"href":"https:\/\/notitodo.com.mx\/wp\/wp-json\/wp\/v2\/posts\/59103\/revisions\/59106"}],"wp:featuredmedia":[{"embeddable":true,"href":"https:\/\/notitodo.com.mx\/wp\/wp-json\/wp\/v2\/media\/59105"}],"wp:attachment":[{"href":"https:\/\/notitodo.com.mx\/wp\/wp-json\/wp\/v2\/media?parent=59103"}],"wp:term":[{"taxonomy":"category","embeddable":true,"href":"https:\/\/notitodo.com.mx\/wp\/wp-json\/wp\/v2\/categories?post=59103"},{"taxonomy":"post_tag","embeddable":true,"href":"https:\/\/notitodo.com.mx\/wp\/wp-json\/wp\/v2\/tags?post=59103"}],"curies":[{"name":"wp","href":"https:\/\/api.w.org\/{rel}","templated":true}]}}