{"id":58551,"date":"2019-05-13T23:39:10","date_gmt":"2019-05-13T23:39:10","guid":{"rendered":"https:\/\/notitodo.com.mx\/wp\/?p=58551"},"modified":"2019-05-13T23:39:10","modified_gmt":"2019-05-13T23:39:10","slug":"inaugura-gobernador-unidad-de-capacitacion-chihuahua-del-icatech","status":"publish","type":"post","link":"https:\/\/notitodo.com.mx\/wp\/inaugura-gobernador-unidad-de-capacitacion-chihuahua-del-icatech\/","title":{"rendered":"Inaugura Gobernador Unidad de Capacitaci\u00f3n Chihuahua del ICATECH"},"content":{"rendered":"<p>Invierte Gobierno del Estado casi 15 millones de pesos para ampliar y equipar las instalaciones de la instituci\u00f3n<br \/>\nEl gobernador Javier Corral Jurado inaugur\u00f3 la Unidad Chihuahua Centro, del Instituto de Capacitaci\u00f3n para el Trabajo del Estado de Chihuahua (Icatech), ubicada en Paseo Bol\u00edvar y Calle 8\u00aa, donde destac\u00f3 que en su Gobierno se han invertido casi 15 millones de pesos en equipamiento de salones, obra p\u00fablica y mantenimiento de inmuebles de esta instituci\u00f3n.<br \/>\nSe\u00f1al\u00f3 que con la llegada de Teresa Pi\u00f1\u00f3n a la Direcci\u00f3n General de Icatech, se vive otra historia para la instituci\u00f3n, porque con la<\/p>\n<p><!--more--><\/p>\n<p>inauguraci\u00f3n de este espacio se logr\u00f3 la separaci\u00f3n de las tres unidades que al inicio de esta administraci\u00f3n, se encontraban en las mismas instalaciones, en la avenida independencia.<\/p>\n<p>\u201cAhora el municipio cuenta con tres unidades de capacitaci\u00f3n en tres puntos de la ciudad: la Unidad Norte, en Av. de los Nogales; la Unidad Sur, en la Colonia Santa Rosa y la que inauguramos hoy, gracias a la administraci\u00f3n correcta de los recursos que hemos venido implementando en toda la administraci\u00f3n\u201d, se\u00f1al\u00f3.<br \/>\nCelebr\u00f3 que las instalaciones permitir\u00e1n adem\u00e1s que la oferta acad\u00e9mica que hab\u00eda sido limitada por el espacio, hoy pueda ampliarse para beneficio de las y los chihuahuenses y que impactar\u00e1 en el desarrollo de micros, peque\u00f1as y medianas empresas.<\/p>\n<p>\u201cLa capacitaci\u00f3n siempre ha sido un plus para las y los trabajadores, pero hoy con mayor raz\u00f3n, ante el escenario competitivo en el que vivimos a nivel mundial, caracterizado por los avances tecnol\u00f3gicos, la innovaci\u00f3n y la automatizaci\u00f3n. Por ello, no hay mejor apuesta que la capacitaci\u00f3n de los recursos humanos, porque contribuye al desarrollo personal y profesional de los individuos\u201d, afirm\u00f3.<\/p>\n<p>Agreg\u00f3 que para nadie es desconocido que el capital humano es el principal y m\u00e1s valioso recurso de cualquier emprendimiento y de la competencia de cada individuo depender\u00e1 el \u00e9xito del mismo, por ello \u201cresulta fundamental la labor del Icatech, porque brinda la oportunidad de adquirir nuevos conocimientos, aptitudes, habilidades, de aprender oficios, que permitan adquirir un empleo o emprender para mejorar los ingresos de las familias chihuahuenses\u201d.<br \/>\nRecord\u00f3 que mientras que en las administraciones anteriores se capacit\u00f3 a 50 mil personas, en lo que va de la actual administraci\u00f3n ya se capacitaron otras 50 mil, en dos a\u00f1os y medio.<\/p>\n<p>Manifest\u00f3 que en esta administraci\u00f3n no s\u00f3lo se equiparon las aulas de esta instituci\u00f3n, adem\u00e1s se ampli\u00f3 la cobertura con unidades en Cuauht\u00e9moc, Parral, Creel y tres m\u00e1s en Ju\u00e1rez, adem\u00e1s de una escuela de oficios en Meoqui y cinco aulas m\u00f3viles que llevan la capacitaci\u00f3n a poblaciones como Bahuichivo, Santa B\u00e1rbara y Coyame y en breve visitar\u00e1n los municipios de La Cruz y Rosario.<\/p>\n<p>Dio a conocer que a propuesta del Icatech, en el marco del Programa Paz y Reencuentro en Ciudad Madera, inici\u00f3 el programa de capacitaci\u00f3n para costureras y se extendi\u00f3 a Nuevo Casas Grandes y Jim\u00e9nez.<br \/>\nLa semana pasada se inaugur\u00f3 una nueva aula de costura en Ju\u00e1rez en la que se capacitar\u00e1 a m\u00e1s mujeres y hombres en este oficio. Igualmente en San Juanito, por lo que ser\u00e1 posible que se fabriquen en Chihuahua el 30 por ciento del total de uniformes que el Gobierno entregar\u00e1 a los estudiantes en el siguiente ciclo escolar.<\/p>\n<p>\u201cNos hemos propuesto acercar a los j\u00f3venes a este Instituto, d\u00e1ndoles herramientas adecuadas para el desarrollo de sus vocaciones, sus metas y objetivos que les permitan salir adelante\u201d, expuso.<br \/>\nComent\u00f3 que con este tipo de acciones, se hace patente el compromiso que este Gobierno tiene con el desarrollo y progreso de las y los chihuahuenses, brind\u00e1ndoles herramientas y conocimientos para la optimizaci\u00f3n de sus habilidades para el trabajo.<br \/>\nFinalmente, exhort\u00f3 a las autoridades de Icatech a continuar con este esfuerzo, en beneficio de las y los chihuahuenses.<\/p>\n<p>Al hacer uso de la palabra, la directora general de Icatech, Teresa Pi\u00f1\u00f3n Chac\u00f3n, dijo que en la actual administraci\u00f3n se equiparon todas las aulas con las que cuenta esta instituci\u00f3n, lo cual elev\u00f3 la calidad de la capacitaci\u00f3n que se brinda y permiti\u00f3 atender a m\u00e1s de 90 mil personas en diversos rubros.<br \/>\nDijo que las m\u00e1s recientes capacitaciones que se incorporaron a la oferta son, la de Atenci\u00f3n a Personas Mayores, que se dise\u00f1\u00f3 en coordinaci\u00f3n con la Secretar\u00eda de Salud, adem\u00e1s de la de Transporte, que se cre\u00f3 de manera conjunta con la Direcci\u00f3n de Transporte.<\/p>\n<p>Anunci\u00f3 que en breve se realizar\u00e1 la reinauguraci\u00f3n de las unidades de Ojinaga y Guachochi que fueron remodeladas, mientras que en Cuauht\u00e9moc se pondr\u00e1n en operaci\u00f3n tres nuevas aulas.<\/p>\n<div id='gallery-1' class='gallery galleryid-58551 gallery-columns-3 gallery-size-herald-lay-c1'><figure class='gallery-item'>\n\t\t\t<div class='gallery-icon landscape'>\n\t\t\t\t<a class=\"herald-popup\" href='https:\/\/notitodo.com.mx\/wp\/wp-content\/uploads\/2019\/05\/Inaugura-Gobernador-nueva-unidad-de-Icatech-22.jpeg'><img loading=\"lazy\" decoding=\"async\" width=\"470\" height=\"313\" src=\"https:\/\/notitodo.com.mx\/wp\/wp-content\/uploads\/2019\/05\/Inaugura-Gobernador-nueva-unidad-de-Icatech-22-470x313.jpeg\" class=\"attachment-herald-lay-c1 size-herald-lay-c1\" alt=\"\" srcset=\"https:\/\/notitodo.com.mx\/wp\/wp-content\/uploads\/2019\/05\/Inaugura-Gobernador-nueva-unidad-de-Icatech-22-470x313.jpeg 470w, https:\/\/notitodo.com.mx\/wp\/wp-content\/uploads\/2019\/05\/Inaugura-Gobernador-nueva-unidad-de-Icatech-22-300x200.jpeg 300w, https:\/\/notitodo.com.mx\/wp\/wp-content\/uploads\/2019\/05\/Inaugura-Gobernador-nueva-unidad-de-Icatech-22-768x512.jpeg 768w, https:\/\/notitodo.com.mx\/wp\/wp-content\/uploads\/2019\/05\/Inaugura-Gobernador-nueva-unidad-de-Icatech-22-1024x682.jpeg 1024w, https:\/\/notitodo.com.mx\/wp\/wp-content\/uploads\/2019\/05\/Inaugura-Gobernador-nueva-unidad-de-Icatech-22-414x276.jpeg 414w, https:\/\/notitodo.com.mx\/wp\/wp-content\/uploads\/2019\/05\/Inaugura-Gobernador-nueva-unidad-de-Icatech-22-640x426.jpeg 640w, https:\/\/notitodo.com.mx\/wp\/wp-content\/uploads\/2019\/05\/Inaugura-Gobernador-nueva-unidad-de-Icatech-22-130x86.jpeg 130w, https:\/\/notitodo.com.mx\/wp\/wp-content\/uploads\/2019\/05\/Inaugura-Gobernador-nueva-unidad-de-Icatech-22-187x124.jpeg 187w, https:\/\/notitodo.com.mx\/wp\/wp-content\/uploads\/2019\/05\/Inaugura-Gobernador-nueva-unidad-de-Icatech-22-990x660.jpeg 990w, https:\/\/notitodo.com.mx\/wp\/wp-content\/uploads\/2019\/05\/Inaugura-Gobernador-nueva-unidad-de-Icatech-22.jpeg 1280w\" sizes=\"auto, (max-width: 470px) 100vw, 470px\" \/><\/a>\n\t\t\t<\/div><\/figure><figure class='gallery-item'>\n\t\t\t<div class='gallery-icon landscape'>\n\t\t\t\t<a class=\"herald-popup\" href='https:\/\/notitodo.com.mx\/wp\/wp-content\/uploads\/2019\/05\/Inaugura-Gobernador-nueva-unidad-de-Icatech-18.jpeg'><img loading=\"lazy\" decoding=\"async\" width=\"470\" height=\"313\" src=\"https:\/\/notitodo.com.mx\/wp\/wp-content\/uploads\/2019\/05\/Inaugura-Gobernador-nueva-unidad-de-Icatech-18-470x313.jpeg\" class=\"attachment-herald-lay-c1 size-herald-lay-c1\" alt=\"\" srcset=\"https:\/\/notitodo.com.mx\/wp\/wp-content\/uploads\/2019\/05\/Inaugura-Gobernador-nueva-unidad-de-Icatech-18-470x313.jpeg 470w, https:\/\/notitodo.com.mx\/wp\/wp-content\/uploads\/2019\/05\/Inaugura-Gobernador-nueva-unidad-de-Icatech-18-300x200.jpeg 300w, https:\/\/notitodo.com.mx\/wp\/wp-content\/uploads\/2019\/05\/Inaugura-Gobernador-nueva-unidad-de-Icatech-18-768x512.jpeg 768w, https:\/\/notitodo.com.mx\/wp\/wp-content\/uploads\/2019\/05\/Inaugura-Gobernador-nueva-unidad-de-Icatech-18-1024x682.jpeg 1024w, https:\/\/notitodo.com.mx\/wp\/wp-content\/uploads\/2019\/05\/Inaugura-Gobernador-nueva-unidad-de-Icatech-18-414x276.jpeg 414w, https:\/\/notitodo.com.mx\/wp\/wp-content\/uploads\/2019\/05\/Inaugura-Gobernador-nueva-unidad-de-Icatech-18-640x426.jpeg 640w, https:\/\/notitodo.com.mx\/wp\/wp-content\/uploads\/2019\/05\/Inaugura-Gobernador-nueva-unidad-de-Icatech-18-130x86.jpeg 130w, https:\/\/notitodo.com.mx\/wp\/wp-content\/uploads\/2019\/05\/Inaugura-Gobernador-nueva-unidad-de-Icatech-18-187x124.jpeg 187w, https:\/\/notitodo.com.mx\/wp\/wp-content\/uploads\/2019\/05\/Inaugura-Gobernador-nueva-unidad-de-Icatech-18-990x660.jpeg 990w, https:\/\/notitodo.com.mx\/wp\/wp-content\/uploads\/2019\/05\/Inaugura-Gobernador-nueva-unidad-de-Icatech-18.jpeg 1280w\" sizes=\"auto, (max-width: 470px) 100vw, 470px\" \/><\/a>\n\t\t\t<\/div><\/figure><figure class='gallery-item'>\n\t\t\t<div class='gallery-icon landscape'>\n\t\t\t\t<a class=\"herald-popup\" href='https:\/\/notitodo.com.mx\/wp\/wp-content\/uploads\/2019\/05\/Inaugura-Gobernador-nueva-unidad-de-Icatech-23.jpeg'><img loading=\"lazy\" decoding=\"async\" width=\"470\" height=\"313\" src=\"https:\/\/notitodo.com.mx\/wp\/wp-content\/uploads\/2019\/05\/Inaugura-Gobernador-nueva-unidad-de-Icatech-23-470x313.jpeg\" class=\"attachment-herald-lay-c1 size-herald-lay-c1\" alt=\"\" srcset=\"https:\/\/notitodo.com.mx\/wp\/wp-content\/uploads\/2019\/05\/Inaugura-Gobernador-nueva-unidad-de-Icatech-23-470x313.jpeg 470w, https:\/\/notitodo.com.mx\/wp\/wp-content\/uploads\/2019\/05\/Inaugura-Gobernador-nueva-unidad-de-Icatech-23-300x200.jpeg 300w, https:\/\/notitodo.com.mx\/wp\/wp-content\/uploads\/2019\/05\/Inaugura-Gobernador-nueva-unidad-de-Icatech-23-768x512.jpeg 768w, https:\/\/notitodo.com.mx\/wp\/wp-content\/uploads\/2019\/05\/Inaugura-Gobernador-nueva-unidad-de-Icatech-23-1024x682.jpeg 1024w, https:\/\/notitodo.com.mx\/wp\/wp-content\/uploads\/2019\/05\/Inaugura-Gobernador-nueva-unidad-de-Icatech-23-414x276.jpeg 414w, https:\/\/notitodo.com.mx\/wp\/wp-content\/uploads\/2019\/05\/Inaugura-Gobernador-nueva-unidad-de-Icatech-23-640x426.jpeg 640w, https:\/\/notitodo.com.mx\/wp\/wp-content\/uploads\/2019\/05\/Inaugura-Gobernador-nueva-unidad-de-Icatech-23-130x86.jpeg 130w, https:\/\/notitodo.com.mx\/wp\/wp-content\/uploads\/2019\/05\/Inaugura-Gobernador-nueva-unidad-de-Icatech-23-187x124.jpeg 187w, https:\/\/notitodo.com.mx\/wp\/wp-content\/uploads\/2019\/05\/Inaugura-Gobernador-nueva-unidad-de-Icatech-23-990x660.jpeg 990w, https:\/\/notitodo.com.mx\/wp\/wp-content\/uploads\/2019\/05\/Inaugura-Gobernador-nueva-unidad-de-Icatech-23.jpeg 1280w\" sizes=\"auto, (max-width: 470px) 100vw, 470px\" \/><\/a>\n\t\t\t<\/div><\/figure>\n\t\t<\/div>\n\n","protected":false},"excerpt":{"rendered":"<p>Invierte Gobierno del Estado casi 15 millones de pesos para ampliar y equipar las instalaciones de la instituci\u00f3n El gobernador Javier Corral Jurado inaugur\u00f3 la Unidad Chihuahua Centro, del Instituto de Capacitaci\u00f3n para el Trabajo del Estado de Chihuahua (Icatech), ubicada en Paseo Bol\u00edvar y Calle 8\u00aa, donde destac\u00f3 que en su Gobierno se han [&hellip;]<\/p>\n","protected":false},"author":12,"featured_media":58553,"comment_status":"open","ping_status":"open","sticky":false,"template":"","format":"standard","meta":{"footnotes":""},"categories":[7],"tags":[],"class_list":["post-58551","post","type-post","status-publish","format-standard","has-post-thumbnail","hentry","category-estatales"],"views":71,"_links":{"self":[{"href":"https:\/\/notitodo.com.mx\/wp\/wp-json\/wp\/v2\/posts\/58551","targetHints":{"allow":["GET"]}}],"collection":[{"href":"https:\/\/notitodo.com.mx\/wp\/wp-json\/wp\/v2\/posts"}],"about":[{"href":"https:\/\/notitodo.com.mx\/wp\/wp-json\/wp\/v2\/types\/post"}],"author":[{"embeddable":true,"href":"https:\/\/notitodo.com.mx\/wp\/wp-json\/wp\/v2\/users\/12"}],"replies":[{"embeddable":true,"href":"https:\/\/notitodo.com.mx\/wp\/wp-json\/wp\/v2\/comments?post=58551"}],"version-history":[{"count":1,"href":"https:\/\/notitodo.com.mx\/wp\/wp-json\/wp\/v2\/posts\/58551\/revisions"}],"predecessor-version":[{"id":58557,"href":"https:\/\/notitodo.com.mx\/wp\/wp-json\/wp\/v2\/posts\/58551\/revisions\/58557"}],"wp:featuredmedia":[{"embeddable":true,"href":"https:\/\/notitodo.com.mx\/wp\/wp-json\/wp\/v2\/media\/58553"}],"wp:attachment":[{"href":"https:\/\/notitodo.com.mx\/wp\/wp-json\/wp\/v2\/media?parent=58551"}],"wp:term":[{"taxonomy":"category","embeddable":true,"href":"https:\/\/notitodo.com.mx\/wp\/wp-json\/wp\/v2\/categories?post=58551"},{"taxonomy":"post_tag","embeddable":true,"href":"https:\/\/notitodo.com.mx\/wp\/wp-json\/wp\/v2\/tags?post=58551"}],"curies":[{"name":"wp","href":"https:\/\/api.w.org\/{rel}","templated":true}]}}