{"id":58222,"date":"2019-05-09T21:57:02","date_gmt":"2019-05-09T21:57:02","guid":{"rendered":"https:\/\/notitodo.com.mx\/wp\/?p=58222"},"modified":"2019-05-09T21:57:02","modified_gmt":"2019-05-09T21:57:02","slug":"participa-gobernador-en-el-festejo-para-las-enfermeras-y-mamas-de-la-5a-zona-militar","status":"publish","type":"post","link":"https:\/\/notitodo.com.mx\/wp\/participa-gobernador-en-el-festejo-para-las-enfermeras-y-mamas-de-la-5a-zona-militar\/","title":{"rendered":"Participa Gobernador en el festejo para las enfermeras y mam\u00e1s de la 5\u00aa Zona Militar"},"content":{"rendered":"<p class=\"x_gmail-MsoListParagraph\">Reconoce Javier Corral a las mujeres que sirven a la Patria y a quienes han ido conquistando \u00e1mbitos que antes parec\u00edan vedados para ellas; entrega electrodom\u00e9sticos y diversos regalos<\/p>\n<p class=\"x_MsoNormal\">El gobernador Javier Corral Jurado y el comandante de la 5\u00aa Zona Militar, Miguel \u00c1ngel Fern\u00e1ndez Mart\u00ednez, encabezaron el festejo dedicado a las enfermeras militares y mam\u00e1s, con motivo del D\u00eda de las Madres.<\/p>\n<p class=\"x_MsoNormal\">La celebraci\u00f3n tuvo lugar en el Hospital Militar, donde el mandatario estatal dijo a las homenajeadas que est\u00e1 convencido que a las mam\u00e1s hay que festejarlas no solamente un solo d\u00eda, sino los 365 d\u00edas del a\u00f1o.<\/p>\n<p class=\"x_MsoNormal\">Manifest\u00f3 que ellas desempe\u00f1an un doble papel porque son mujeres que sirven a la patria desde las<\/p>\n<p><!--more--><\/p>\n<p class=\"x_MsoNormal\">\u00a0fuerzas armadas y adem\u00e1s tienen la cualidad de ser madres: \u201cSon ustedes grandes colaboradoras de Dios en la continuidad de la especie humana, dan vida y se preocupan cotidianamente por sus hijos, combinando una actividad de enorme disciplina, compromiso, lealtad, patriotismo y amor\u201d.<\/p>\n<p class=\"x_MsoNormal\">Se\u00f1al\u00f3 que ellas aman a la patria, que es la tierra de los padres, y tambi\u00e9n aman a sus hijos, por lo cual son a la vez muy buenas hijas con la patria y muy buenas madres con sus hijos.<\/p>\n<p class=\"x_MsoNormal\">El titular del Ejecutivo reiter\u00f3 el respeto por quienes colaboran con las fuerzas armadas, pero a las mujeres hay que destacarlas por el terreno que las mujeres han ido conquistando en \u00e1mbitos que antes parec\u00edan vedados para ellas.<\/p>\n<p class=\"x_MsoNormal\">Destac\u00f3 el mensaje del general secretario de la Defensa Nacional (Sedena), Luis Crecencio Sandoval cuando compareci\u00f3 ante la C\u00e1mara de Diputados con motivo del tema de la Guardia Nacional, donde expres\u00f3 su visi\u00f3n de la equidad de g\u00e9nero e ideas que relatan una visi\u00f3n moderna del Ej\u00e9rcito en t\u00e9rminos de concebir que las mujeres pueden y deben estar al frente de las principales \u00e1reas de la Sedena.<\/p>\n<p class=\"x_MsoNormal\">El gobernador Javier Corral resalt\u00f3 la buena relaci\u00f3n con la 5\u00aa Zona y con el nuevo titular de la Sedena, en una nueva y mejor manera de trabajar de manera conjunta y coordinada.<\/p>\n<p class=\"x_MsoNormal\">Expres\u00f3 que como muestra de gratitud, la administraci\u00f3n estatal aport\u00f3 algunos electrodom\u00e9sticos como refrigeradores, lavadoras, tel\u00e9fonos celulares y otros dispositivos tecnol\u00f3gicos, que se rifaron entre las presentes.<\/p>\n<p class=\"x_MsoNormal\">La directora interina del Hospital Militar, coronel m\u00e9dico-cirujano Patricia Guti\u00e9rrez D\u00edaz, fue la encargada de dirigir el mensaje a las mam\u00e1s, dijo que sobre ellas descansa la sensibilidad y el compromiso de sacar adelante a los hijos, y este esfuerzo es doble cuando las madres pertenecen a la milicia, por lo cual expres\u00f3 una c\u00e1lida felicitaci\u00f3n a sus compa\u00f1eras enfermeras militares que fueron festejadas en esta reuni\u00f3n.<\/p>\n<p class=\"x_MsoNormal\">Acompa\u00f1aron al mandatario estatal en esta ceremonia el secretario general de Gobierno, C\u00e9sar J\u00e1uregui Robles, y el secretario estatal de Salud, Jes\u00fas Enrique Grajeda.<\/p>\n<p><img loading=\"lazy\" decoding=\"async\" class=\"alignnone size-medium wp-image-58227\" src=\"https:\/\/notitodo.com.mx\/wp\/wp-content\/uploads\/2019\/05\/DSC_1698-1-300x200.jpg\" alt=\"\" width=\"300\" height=\"200\" srcset=\"https:\/\/notitodo.com.mx\/wp\/wp-content\/uploads\/2019\/05\/DSC_1698-1-300x200.jpg 300w, https:\/\/notitodo.com.mx\/wp\/wp-content\/uploads\/2019\/05\/DSC_1698-1-768x512.jpg 768w, https:\/\/notitodo.com.mx\/wp\/wp-content\/uploads\/2019\/05\/DSC_1698-1-1024x682.jpg 1024w, https:\/\/notitodo.com.mx\/wp\/wp-content\/uploads\/2019\/05\/DSC_1698-1-414x276.jpg 414w, https:\/\/notitodo.com.mx\/wp\/wp-content\/uploads\/2019\/05\/DSC_1698-1-470x313.jpg 470w, https:\/\/notitodo.com.mx\/wp\/wp-content\/uploads\/2019\/05\/DSC_1698-1-640x426.jpg 640w, https:\/\/notitodo.com.mx\/wp\/wp-content\/uploads\/2019\/05\/DSC_1698-1-130x86.jpg 130w, https:\/\/notitodo.com.mx\/wp\/wp-content\/uploads\/2019\/05\/DSC_1698-1-187x124.jpg 187w, https:\/\/notitodo.com.mx\/wp\/wp-content\/uploads\/2019\/05\/DSC_1698-1-990x660.jpg 990w, https:\/\/notitodo.com.mx\/wp\/wp-content\/uploads\/2019\/05\/DSC_1698-1-1320x880.jpg 1320w, https:\/\/notitodo.com.mx\/wp\/wp-content\/uploads\/2019\/05\/DSC_1698-1.jpg 1460w\" sizes=\"auto, (max-width: 300px) 100vw, 300px\" \/> <img loading=\"lazy\" decoding=\"async\" class=\"alignnone size-medium wp-image-58228\" src=\"https:\/\/notitodo.com.mx\/wp\/wp-content\/uploads\/2019\/05\/DSC_1691-300x200.jpg\" alt=\"\" width=\"300\" height=\"200\" srcset=\"https:\/\/notitodo.com.mx\/wp\/wp-content\/uploads\/2019\/05\/DSC_1691-300x200.jpg 300w, https:\/\/notitodo.com.mx\/wp\/wp-content\/uploads\/2019\/05\/DSC_1691-768x512.jpg 768w, https:\/\/notitodo.com.mx\/wp\/wp-content\/uploads\/2019\/05\/DSC_1691-1024x682.jpg 1024w, https:\/\/notitodo.com.mx\/wp\/wp-content\/uploads\/2019\/05\/DSC_1691-414x276.jpg 414w, https:\/\/notitodo.com.mx\/wp\/wp-content\/uploads\/2019\/05\/DSC_1691-470x313.jpg 470w, https:\/\/notitodo.com.mx\/wp\/wp-content\/uploads\/2019\/05\/DSC_1691-640x426.jpg 640w, https:\/\/notitodo.com.mx\/wp\/wp-content\/uploads\/2019\/05\/DSC_1691-130x86.jpg 130w, https:\/\/notitodo.com.mx\/wp\/wp-content\/uploads\/2019\/05\/DSC_1691-187x124.jpg 187w, https:\/\/notitodo.com.mx\/wp\/wp-content\/uploads\/2019\/05\/DSC_1691-990x660.jpg 990w, https:\/\/notitodo.com.mx\/wp\/wp-content\/uploads\/2019\/05\/DSC_1691-1320x880.jpg 1320w, https:\/\/notitodo.com.mx\/wp\/wp-content\/uploads\/2019\/05\/DSC_1691.jpg 1460w\" sizes=\"auto, (max-width: 300px) 100vw, 300px\" \/> <img loading=\"lazy\" decoding=\"async\" class=\"alignnone size-medium wp-image-58229\" src=\"https:\/\/notitodo.com.mx\/wp\/wp-content\/uploads\/2019\/05\/DSC_1660-300x200.jpg\" alt=\"\" width=\"300\" height=\"200\" srcset=\"https:\/\/notitodo.com.mx\/wp\/wp-content\/uploads\/2019\/05\/DSC_1660-300x200.jpg 300w, https:\/\/notitodo.com.mx\/wp\/wp-content\/uploads\/2019\/05\/DSC_1660-768x512.jpg 768w, https:\/\/notitodo.com.mx\/wp\/wp-content\/uploads\/2019\/05\/DSC_1660-1024x682.jpg 1024w, https:\/\/notitodo.com.mx\/wp\/wp-content\/uploads\/2019\/05\/DSC_1660-414x276.jpg 414w, https:\/\/notitodo.com.mx\/wp\/wp-content\/uploads\/2019\/05\/DSC_1660-470x313.jpg 470w, https:\/\/notitodo.com.mx\/wp\/wp-content\/uploads\/2019\/05\/DSC_1660-640x426.jpg 640w, https:\/\/notitodo.com.mx\/wp\/wp-content\/uploads\/2019\/05\/DSC_1660-130x86.jpg 130w, https:\/\/notitodo.com.mx\/wp\/wp-content\/uploads\/2019\/05\/DSC_1660-187x124.jpg 187w, https:\/\/notitodo.com.mx\/wp\/wp-content\/uploads\/2019\/05\/DSC_1660-990x660.jpg 990w, https:\/\/notitodo.com.mx\/wp\/wp-content\/uploads\/2019\/05\/DSC_1660-1320x880.jpg 1320w, https:\/\/notitodo.com.mx\/wp\/wp-content\/uploads\/2019\/05\/DSC_1660.jpg 1460w\" sizes=\"auto, (max-width: 300px) 100vw, 300px\" \/> <img loading=\"lazy\" decoding=\"async\" class=\"alignnone size-medium wp-image-58230\" src=\"https:\/\/notitodo.com.mx\/wp\/wp-content\/uploads\/2019\/05\/DSC_1696-300x200.jpg\" alt=\"\" width=\"300\" height=\"200\" srcset=\"https:\/\/notitodo.com.mx\/wp\/wp-content\/uploads\/2019\/05\/DSC_1696-300x200.jpg 300w, https:\/\/notitodo.com.mx\/wp\/wp-content\/uploads\/2019\/05\/DSC_1696-768x512.jpg 768w, https:\/\/notitodo.com.mx\/wp\/wp-content\/uploads\/2019\/05\/DSC_1696-1024x682.jpg 1024w, https:\/\/notitodo.com.mx\/wp\/wp-content\/uploads\/2019\/05\/DSC_1696-414x276.jpg 414w, https:\/\/notitodo.com.mx\/wp\/wp-content\/uploads\/2019\/05\/DSC_1696-470x313.jpg 470w, https:\/\/notitodo.com.mx\/wp\/wp-content\/uploads\/2019\/05\/DSC_1696-640x426.jpg 640w, https:\/\/notitodo.com.mx\/wp\/wp-content\/uploads\/2019\/05\/DSC_1696-130x86.jpg 130w, https:\/\/notitodo.com.mx\/wp\/wp-content\/uploads\/2019\/05\/DSC_1696-187x124.jpg 187w, https:\/\/notitodo.com.mx\/wp\/wp-content\/uploads\/2019\/05\/DSC_1696-990x660.jpg 990w, https:\/\/notitodo.com.mx\/wp\/wp-content\/uploads\/2019\/05\/DSC_1696-1320x880.jpg 1320w, https:\/\/notitodo.com.mx\/wp\/wp-content\/uploads\/2019\/05\/DSC_1696.jpg 1460w\" sizes=\"auto, (max-width: 300px) 100vw, 300px\" \/><\/p>\n","protected":false},"excerpt":{"rendered":"<p>Reconoce Javier Corral a las mujeres que sirven a la Patria y a quienes han ido conquistando \u00e1mbitos que antes parec\u00edan vedados para ellas; entrega electrodom\u00e9sticos y diversos regalos El gobernador Javier Corral Jurado y el comandante de la 5\u00aa Zona Militar, Miguel \u00c1ngel Fern\u00e1ndez Mart\u00ednez, encabezaron el festejo dedicado a las enfermeras militares y [&hellip;]<\/p>\n","protected":false},"author":12,"featured_media":58225,"comment_status":"open","ping_status":"open","sticky":false,"template":"","format":"standard","meta":{"footnotes":""},"categories":[7],"tags":[],"class_list":["post-58222","post","type-post","status-publish","format-standard","has-post-thumbnail","hentry","category-estatales"],"views":40,"_links":{"self":[{"href":"https:\/\/notitodo.com.mx\/wp\/wp-json\/wp\/v2\/posts\/58222","targetHints":{"allow":["GET"]}}],"collection":[{"href":"https:\/\/notitodo.com.mx\/wp\/wp-json\/wp\/v2\/posts"}],"about":[{"href":"https:\/\/notitodo.com.mx\/wp\/wp-json\/wp\/v2\/types\/post"}],"author":[{"embeddable":true,"href":"https:\/\/notitodo.com.mx\/wp\/wp-json\/wp\/v2\/users\/12"}],"replies":[{"embeddable":true,"href":"https:\/\/notitodo.com.mx\/wp\/wp-json\/wp\/v2\/comments?post=58222"}],"version-history":[{"count":1,"href":"https:\/\/notitodo.com.mx\/wp\/wp-json\/wp\/v2\/posts\/58222\/revisions"}],"predecessor-version":[{"id":58231,"href":"https:\/\/notitodo.com.mx\/wp\/wp-json\/wp\/v2\/posts\/58222\/revisions\/58231"}],"wp:featuredmedia":[{"embeddable":true,"href":"https:\/\/notitodo.com.mx\/wp\/wp-json\/wp\/v2\/media\/58225"}],"wp:attachment":[{"href":"https:\/\/notitodo.com.mx\/wp\/wp-json\/wp\/v2\/media?parent=58222"}],"wp:term":[{"taxonomy":"category","embeddable":true,"href":"https:\/\/notitodo.com.mx\/wp\/wp-json\/wp\/v2\/categories?post=58222"},{"taxonomy":"post_tag","embeddable":true,"href":"https:\/\/notitodo.com.mx\/wp\/wp-json\/wp\/v2\/tags?post=58222"}],"curies":[{"name":"wp","href":"https:\/\/api.w.org\/{rel}","templated":true}]}}