{"id":57971,"date":"2019-05-08T00:43:25","date_gmt":"2019-05-08T00:43:25","guid":{"rendered":"https:\/\/notitodo.com.mx\/wp\/?p=57971"},"modified":"2019-05-08T00:43:25","modified_gmt":"2019-05-08T00:43:25","slug":"presenta-alcalde-cartelera-de-la-feria-juarez-2019","status":"publish","type":"post","link":"https:\/\/notitodo.com.mx\/wp\/presenta-alcalde-cartelera-de-la-feria-juarez-2019\/","title":{"rendered":"Presenta Alcalde cartelera de la Feria Ju\u00e1rez 2019"},"content":{"rendered":"<p>Un ambiente 100 por ciento familiar, diversi\u00f3n, espect\u00e1culos nunca antes vistos, conciertos y 36 juegos mec\u00e1nicos es lo que ofrecer\u00e1 el Gobierno Municipal en la Feria Ju\u00e1rez 2019.<\/p>\n<p>El Presidente Municipal Armando Cabada Alv\u00eddrez, dio a conocer que este a\u00f1o la Feria Ju\u00e1rez se realizar\u00e1 del 7 al 30 de junio y se contar\u00e1 con la presentaci\u00f3n en el Teatro del Pueblo de artistas como Mijares, La Adictiva, Banda El Mexicano, El Gran Silencio, Banda MS y los Rieleros del Norte, entre otros.<\/p>\n<p>Este es el quinto a\u00f1o consecutivo en el que no se elevar\u00e1 el costo de acceso, por lo que a cambio de 50 pesos, los fronterizos podr\u00e1n disfrutar de<\/p>\n<p><!--more--><\/p>\n<p>presentaciones art\u00edsticas de gran calidad.<\/p>\n<p>Ni\u00f1os de hasta 1.20 metros de altura, adultos mayores y personas con discapacidad, entrar\u00e1n gratis a la Feria Ju\u00e1rez que se llevar\u00e1 a cabo en la Plaza de la Mexicanidad, adem\u00e1s de que de lunes a mi\u00e9rcoles el acceso a los juegos mec\u00e1nicos ser\u00e1 totalmente gratuito para ni\u00f1os y adultos.<\/p>\n<p>Para que los ciudadanos aprovechen este espacio familiar, el Gobierno Independiente, agreg\u00f3 un fin de semana m\u00e1s, por lo que la Feria Ju\u00e1rez permanecer\u00e1 por 24 d\u00edas en los que se implementar\u00e1 un importante despliegue de efectivos de Polic\u00eda Municipal, Tr\u00e1nsito y Protecci\u00f3n Civil, para garantizar la seguridad de los asistentes.<\/p>\n<p>La gran inauguraci\u00f3n el viernes 7 de junio, estar\u00e1 a cargo de Manuel Mijares, el 8 de junio se presentar\u00e1 Banda La Adictiva, el 9 Javier Rosas y Adriel Favela, el 13 Carin Le\u00f3n y Chay\u00edn Rubio, el 14 Mi Banda El Mexicano, el 15 El Gran Silencio, el 16 Cornelio Vega y el 19 La Sonora Dinamita.<\/p>\n<p>El jueves 20 de junio llegan a El Teatro del Pueblo Los Rieleros del Norte, el 21 los Kumbia Kings, el 22 la Banda MS, el 23 un artista internacional sorpresa, el 27 Mike Salazar, el 28 Natute, el 29 Remmy Valenzuela y el cierre estar\u00e1 a cargo del DJ Steve Aoki, uno de los m\u00e1s reconocidos a nivel internacional.<\/p>\n<p>Como novedad este a\u00f1o se presentar\u00e1n por primera vez en Ciudad Ju\u00e1rez el Top Buzz y el Slingshot, y de nueva cuenta llegan a la frontera la Mega King Tower de 88 metros de altura y ca\u00edda libre en 2.5 segundos, la Global Wheel que es la rueda de la fortuna de 45 metros, el Sky Flyer de 35 metros de alto, Torre Tit\u00e1n con 55 metros de altura, adem\u00e1s de juegos familiares e infantiles.<\/p>\n<p>Con el pago del boleto de entrada general a la Feria Ju\u00e1rez 2019, los visitantes tambi\u00e9n tendr\u00e1n derecho a disfrutar gratuitamente del Circo Atayde Hermanos y el espect\u00e1culo de los voladores de Papantla.<\/p>\n<p>Se inform\u00f3 que se contar\u00e1 con 170 stand comerciales y artesanales y 39 espacios para restaurantes.<\/p>\n<p>Al igual que el a\u00f1o pasado, estar\u00e1n a disposici\u00f3n 11 estacionamientos gratuitos, entre los que se encuentran el Parque Extremo, el parque Las Lilas, el campo Cheramis, parque Los Pinos, Parque Extremo, frente a la maquiladora<\/p>\n<p>Delphi, en la Plaza de la Megabandera, en L\u00f3pez Mateos, P\u00e9rez Serna y Universidad, ciclov\u00eda y el corredor David Herrera Jord\u00e1n.<\/p>\n<p>En esta presentaci\u00f3n acompa\u00f1aron al Presidente Municipal, el administrador de la Ciudad, Rodolfo Mart\u00ednez Ortega; el Oficial Mayor, V\u00edctor Ortega; el tesorero, Gerardo Ronquillo; el secretario de Seguridad P\u00fablica, Ricardo Realivazquez Dom\u00ednguez; el director de Tr\u00e1nsito, Sergio Almaraz Ortiz; el director de Protecci\u00f3n Civil, Efr\u00e9n Matamoros Barraza y el titular de Contralor\u00eda, Gustavo M\u00e9ndez.<\/p>\n","protected":false},"excerpt":{"rendered":"<p>Un ambiente 100 por ciento familiar, diversi\u00f3n, espect\u00e1culos nunca antes vistos, conciertos y 36 juegos mec\u00e1nicos es lo que ofrecer\u00e1 el Gobierno Municipal en la Feria Ju\u00e1rez 2019. El Presidente Municipal Armando Cabada Alv\u00eddrez, dio a conocer que este a\u00f1o la Feria Ju\u00e1rez se realizar\u00e1 del 7 al 30 de junio y se contar\u00e1 con [&hellip;]<\/p>\n","protected":false},"author":12,"featured_media":57973,"comment_status":"open","ping_status":"open","sticky":false,"template":"","format":"standard","meta":{"footnotes":""},"categories":[7],"tags":[],"class_list":["post-57971","post","type-post","status-publish","format-standard","has-post-thumbnail","hentry","category-estatales"],"views":30,"_links":{"self":[{"href":"https:\/\/notitodo.com.mx\/wp\/wp-json\/wp\/v2\/posts\/57971","targetHints":{"allow":["GET"]}}],"collection":[{"href":"https:\/\/notitodo.com.mx\/wp\/wp-json\/wp\/v2\/posts"}],"about":[{"href":"https:\/\/notitodo.com.mx\/wp\/wp-json\/wp\/v2\/types\/post"}],"author":[{"embeddable":true,"href":"https:\/\/notitodo.com.mx\/wp\/wp-json\/wp\/v2\/users\/12"}],"replies":[{"embeddable":true,"href":"https:\/\/notitodo.com.mx\/wp\/wp-json\/wp\/v2\/comments?post=57971"}],"version-history":[{"count":1,"href":"https:\/\/notitodo.com.mx\/wp\/wp-json\/wp\/v2\/posts\/57971\/revisions"}],"predecessor-version":[{"id":57974,"href":"https:\/\/notitodo.com.mx\/wp\/wp-json\/wp\/v2\/posts\/57971\/revisions\/57974"}],"wp:featuredmedia":[{"embeddable":true,"href":"https:\/\/notitodo.com.mx\/wp\/wp-json\/wp\/v2\/media\/57973"}],"wp:attachment":[{"href":"https:\/\/notitodo.com.mx\/wp\/wp-json\/wp\/v2\/media?parent=57971"}],"wp:term":[{"taxonomy":"category","embeddable":true,"href":"https:\/\/notitodo.com.mx\/wp\/wp-json\/wp\/v2\/categories?post=57971"},{"taxonomy":"post_tag","embeddable":true,"href":"https:\/\/notitodo.com.mx\/wp\/wp-json\/wp\/v2\/tags?post=57971"}],"curies":[{"name":"wp","href":"https:\/\/api.w.org\/{rel}","templated":true}]}}