{"id":57516,"date":"2019-05-01T01:22:08","date_gmt":"2019-05-01T01:22:08","guid":{"rendered":"https:\/\/notitodo.com.mx\/wp\/?p=57516"},"modified":"2019-05-01T01:22:08","modified_gmt":"2019-05-01T01:22:08","slug":"culminan-con-exito-curso-de-corte-y-confeccion-en-centro-de-servicios-comunitarios-madera-65","status":"publish","type":"post","link":"https:\/\/notitodo.com.mx\/wp\/culminan-con-exito-curso-de-corte-y-confeccion-en-centro-de-servicios-comunitarios-madera-65\/","title":{"rendered":"Culminan con \u00e9xito curso de corte y confecci\u00f3n en Centro de Servicios Comunitarios Madera 65"},"content":{"rendered":"<p>Un grupo conformado por 15 personas, culmin\u00f3 con \u00e9xito el curso de corte y confecci\u00f3n impartido en las instalaciones del Centro de Servicios Comunitarios \u201cMadera 65\u201d, con el que adquirieron los conocimientos necesarios para emprender su propio negocio.<\/p>\n<p>Personal de la Coordinaci\u00f3n de Cohesi\u00f3n Social y Participaci\u00f3n Ciudadana de la Secretar\u00eda de Desarrollo Social, y del Instituto de Capacitaci\u00f3n para el<\/p>\n<p><!--more--><\/p>\n<p>Trabajo del Estado de Chihuahua (Icatech), entregaron las constancias que avalan los conocimientos de las y los participantes.<\/p>\n<p>Durante la ceremonia de clausura, quienes formaron parte de este taller realizaron una pasarela en donde mostraron algunas de las prendas que elaboraron, entre las que destacan chalecos, faldas, vestidos y blusas.<\/p>\n<p>La capacitaci\u00f3n que imparte el Icatech, y estos cursos continuar\u00e1n imparti\u00e9ndose en los distintos centros de servicios comunitarios de la dependencia estatal en la capital del Estado, en beneficio de la poblaci\u00f3n que m\u00e1s lo necesita.<\/p>\n","protected":false},"excerpt":{"rendered":"<p>Un grupo conformado por 15 personas, culmin\u00f3 con \u00e9xito el curso de corte y confecci\u00f3n impartido en las instalaciones del Centro de Servicios Comunitarios \u201cMadera 65\u201d, con el que adquirieron los conocimientos necesarios para emprender su propio negocio. Personal de la Coordinaci\u00f3n de Cohesi\u00f3n Social y Participaci\u00f3n Ciudadana de la Secretar\u00eda de Desarrollo Social, y [&hellip;]<\/p>\n","protected":false},"author":12,"featured_media":57518,"comment_status":"open","ping_status":"open","sticky":false,"template":"","format":"standard","meta":{"footnotes":""},"categories":[7],"tags":[],"class_list":["post-57516","post","type-post","status-publish","format-standard","has-post-thumbnail","hentry","category-estatales"],"views":72,"_links":{"self":[{"href":"https:\/\/notitodo.com.mx\/wp\/wp-json\/wp\/v2\/posts\/57516","targetHints":{"allow":["GET"]}}],"collection":[{"href":"https:\/\/notitodo.com.mx\/wp\/wp-json\/wp\/v2\/posts"}],"about":[{"href":"https:\/\/notitodo.com.mx\/wp\/wp-json\/wp\/v2\/types\/post"}],"author":[{"embeddable":true,"href":"https:\/\/notitodo.com.mx\/wp\/wp-json\/wp\/v2\/users\/12"}],"replies":[{"embeddable":true,"href":"https:\/\/notitodo.com.mx\/wp\/wp-json\/wp\/v2\/comments?post=57516"}],"version-history":[{"count":1,"href":"https:\/\/notitodo.com.mx\/wp\/wp-json\/wp\/v2\/posts\/57516\/revisions"}],"predecessor-version":[{"id":57519,"href":"https:\/\/notitodo.com.mx\/wp\/wp-json\/wp\/v2\/posts\/57516\/revisions\/57519"}],"wp:featuredmedia":[{"embeddable":true,"href":"https:\/\/notitodo.com.mx\/wp\/wp-json\/wp\/v2\/media\/57518"}],"wp:attachment":[{"href":"https:\/\/notitodo.com.mx\/wp\/wp-json\/wp\/v2\/media?parent=57516"}],"wp:term":[{"taxonomy":"category","embeddable":true,"href":"https:\/\/notitodo.com.mx\/wp\/wp-json\/wp\/v2\/categories?post=57516"},{"taxonomy":"post_tag","embeddable":true,"href":"https:\/\/notitodo.com.mx\/wp\/wp-json\/wp\/v2\/tags?post=57516"}],"curies":[{"name":"wp","href":"https:\/\/api.w.org\/{rel}","templated":true}]}}