{"id":56087,"date":"2019-04-12T06:25:35","date_gmt":"2019-04-12T06:25:35","guid":{"rendered":"https:\/\/notitodo.com.mx\/wp\/?p=56087"},"modified":"2019-04-12T06:25:35","modified_gmt":"2019-04-12T06:25:35","slug":"bienvenidas-las-reformas-laborales-sein","status":"publish","type":"post","link":"https:\/\/notitodo.com.mx\/wp\/bienvenidas-las-reformas-laborales-sein\/","title":{"rendered":"Bienvenidas las Reformas Laborales: SEIN"},"content":{"rendered":"<p>El Sindicato Nacional de Equidad e Integraci\u00f3n Nacional se mostr\u00f3 hoy complacido por las re-formas de la Ley Federal del Trabajo aprobadas esta tarde en la C\u00e1mara de Diputados y afirm\u00f3 que marca el fin del viejo sindicalismo por uno nuevo, m\u00e1s renovado y de la mano estrecha en-tre el trabajador y el empresario.<\/p>\n<p>La Dra. Lourdes Valdez Gal\u00e1n, secretaria general del Comit\u00e9 Ejecutivo Nacional del Sindicato de Equidad e Integraci\u00f3n Nacional, SEIN, dijo aqu\u00ed en su visita a Chihuahua que las nuevas condiciones laborales implican una relaci\u00f3n arm\u00f3nica entre el trabajador y la empresa, con un sentido humanista y de justicia social.<\/p>\n<p>\u201cSe acabaron las amenazas de huelga y los chantajes que asustan o intimidan a los empresa-rios; debemos cuidar a la gallina de los huevos de oro en estos nuevos momentos. Debemos cuidar al empresario para que cuide al trabajador\u201d, dijo, al tiempo de recordar que<\/p>\n<p><!--more--><\/p>\n<p>si un empre-sario fracasa el primero que va a salir perjudicado es el trabajador<\/p>\n<p>La Dra. Vald\u00e9s Gal\u00e1n tom\u00f3 la protesta esta tarde a la que ser\u00e1 la Secci\u00f3n 18 del SEIN en Chihuahua y que encabeza el Dr. Ismael Rodr\u00edguez Ch\u00e1vez como secretario general.<\/p>\n<p>A esta nueva Secci\u00f3n les pidi\u00f3 que trabajen por nuevas relaciones laborales en donde se le pregunte al trabajador cu\u00e1les son las necesidades, pero tambi\u00e9n al propio empresario para que se busque un crecimiento arm\u00f3nico y con equilibrio.<\/p>\n<p>Record\u00f3 que hoy en d\u00eda 72 centavos de cada peso generado por las empresas corresponden a la base tributaria, por lo que debe buscarse que esos recursos regresen en beneficios sociales para los mexicanos como educaci\u00f3n, salud, esparcimiento y bienestar.<\/p>\n<p>Al hablar de los nuevos tiempos del sindicalismo en M\u00e9xico, hizo ver que durante 70 a\u00f1os se olvidaron de la base trabajadora. Sus estructuras, dijo, est\u00e1n ahora vac\u00edas.<\/p>\n<p>En torno a las reformas en materia electoral aprobadas este jueves en la C\u00e1mara de Diputados, record\u00f3 que fue m\u00e1s en relaci\u00f3n con el Tratado de Libre Comercio con Es-tados Unidos, pero que desde 1949 ya se pugnaba para que trabajador pudiera tener la libertad de afiliaci\u00f2n, que su voto fuera libre y secreto y acabar igualmente con los ac-tos de corrupci\u00f3n ante las instancias oficiales dedicadas a la impartici\u00f3n de justicia la-boral.<\/p>\n<p>\u201cLo que necesitamos que haya una equidad en la clase trabajadora y del empresario.<\/p>\n<p>Buscamos sentarnos a la mesa y ser los m\u00e1s grandes negociadores con justicia social. Ver por el patr\u00f3n y por el trabajador y buscar equilibrios\u201d, dijo.<\/p>\n<p>Finalmente dio a conocer que el SEIN pertenece a la Confederaci\u00f3n Aut\u00f3noma de Tra-bajadores y Empleados de M\u00e9xico (CATEM).<\/p>\n<p>En cuanto al comit\u00e9 de la Secci\u00f3n 18 del SEIN est\u00e1 conformada por:<\/p>\n<p>Dr. Ismael Rodr\u00edguez Ch\u00e1vez, secretario general.<\/p>\n<p>Lic Marco Antonio G\u00f3mez Moloy, secretario de actas.<\/p>\n<p>C.P. Paula Mar\u00eda Castillo Mendoza secretaria tesorero.<\/p>\n<p>Dr. Felipe Germ\u00e1n Alc\u00e1ntara Mart\u00ednez, secretario del Trabajo.<\/p>\n<p>Lic. Carlos Jaime Mariscal Talamantes, Comisi\u00f3n de Comunicaciones.<\/p>\n<p>Ing. Jos\u00e9 In\u00e9s Anaya Casas, Comisi\u00f3n de Vigilancia y Justicia.<\/p>\n<p>C.P. Susuky Soto Armend\u00e1riz, Comisi\u00f3n de Hacienda.<\/p>\n<p>MAP. M\u00f3nica Quintana Baca, Comisi\u00f3n de Organizaciones Fundacionales Civiles y Similares.<\/p>\n<p>Dra. Martha Avitia Talamantes, Comisi\u00f3n de Salud<\/p>\n<p>Lic. Armando Gonz\u00e1lez Terrazas, Comisi\u00f3n de Educaci\u00f3n y Cultura.<\/p>\n<p>Mtra. Ang\u00e9lica Loya M\u00e1rquez, Comisi\u00f3n de Capacitaci\u00f3n.<\/p>\n<p>Ing. Jorge Ren\u00e9 Esparza Valdivia, Comisi\u00f3n de Enlace Pol\u00edtico y Electoral<\/p>\n<p>Lic. Ver\u00f3nica Patricia Nava, Comisi\u00f3n de Tecnolog\u00eda.<\/p>\n<p>Lic. Mara Carolina G\u00e1ndara Canales, Comisi\u00f3n de Grupos Vulnerables.<\/p>\n<p>Lic. Alejandro Flores Calzadillas, Comisi\u00f3n Organizadora.<\/p>\n<p>LRI Francisco Ib\u00e1\u00f1ez Estens, Comisi\u00f3n de Negocios.<\/p>\n<p>Dr. Manuel Jacquez Loera, Comisi\u00f3n de Seguridad.<\/p>\n<p>Lic. Tania Guadalupe Serrano Rodr\u00edguez, Comisi\u00f3n de Pro<\/p>\n","protected":false},"excerpt":{"rendered":"<p>El Sindicato Nacional de Equidad e Integraci\u00f3n Nacional se mostr\u00f3 hoy complacido por las re-formas de la Ley Federal del Trabajo aprobadas esta tarde en la C\u00e1mara de Diputados y afirm\u00f3 que marca el fin del viejo sindicalismo por uno nuevo, m\u00e1s renovado y de la mano estrecha en-tre el trabajador y el empresario. La [&hellip;]<\/p>\n","protected":false},"author":12,"featured_media":56089,"comment_status":"open","ping_status":"open","sticky":false,"template":"","format":"standard","meta":{"footnotes":""},"categories":[14],"tags":[],"class_list":["post-56087","post","type-post","status-publish","format-standard","has-post-thumbnail","hentry","category-sindicatos"],"views":7,"_links":{"self":[{"href":"https:\/\/notitodo.com.mx\/wp\/wp-json\/wp\/v2\/posts\/56087","targetHints":{"allow":["GET"]}}],"collection":[{"href":"https:\/\/notitodo.com.mx\/wp\/wp-json\/wp\/v2\/posts"}],"about":[{"href":"https:\/\/notitodo.com.mx\/wp\/wp-json\/wp\/v2\/types\/post"}],"author":[{"embeddable":true,"href":"https:\/\/notitodo.com.mx\/wp\/wp-json\/wp\/v2\/users\/12"}],"replies":[{"embeddable":true,"href":"https:\/\/notitodo.com.mx\/wp\/wp-json\/wp\/v2\/comments?post=56087"}],"version-history":[{"count":1,"href":"https:\/\/notitodo.com.mx\/wp\/wp-json\/wp\/v2\/posts\/56087\/revisions"}],"predecessor-version":[{"id":56090,"href":"https:\/\/notitodo.com.mx\/wp\/wp-json\/wp\/v2\/posts\/56087\/revisions\/56090"}],"wp:featuredmedia":[{"embeddable":true,"href":"https:\/\/notitodo.com.mx\/wp\/wp-json\/wp\/v2\/media\/56089"}],"wp:attachment":[{"href":"https:\/\/notitodo.com.mx\/wp\/wp-json\/wp\/v2\/media?parent=56087"}],"wp:term":[{"taxonomy":"category","embeddable":true,"href":"https:\/\/notitodo.com.mx\/wp\/wp-json\/wp\/v2\/categories?post=56087"},{"taxonomy":"post_tag","embeddable":true,"href":"https:\/\/notitodo.com.mx\/wp\/wp-json\/wp\/v2\/tags?post=56087"}],"curies":[{"name":"wp","href":"https:\/\/api.w.org\/{rel}","templated":true}]}}