{"id":55099,"date":"2019-04-02T23:43:56","date_gmt":"2019-04-02T23:43:56","guid":{"rendered":"https:\/\/notitodo.com.mx\/wp\/?p=55099"},"modified":"2019-04-02T23:43:56","modified_gmt":"2019-04-02T23:43:56","slug":"invitan-a-periodistas-a-taller-comunicacion-con-perspectiva-de-ninez-y-adolescencia","status":"publish","type":"post","link":"https:\/\/notitodo.com.mx\/wp\/invitan-a-periodistas-a-taller-comunicacion-con-perspectiva-de-ninez-y-adolescencia\/","title":{"rendered":"Invitan a periodistas a Taller \u201cComunicaci\u00f3n con Perspectiva de Ni\u00f1ez y Adolescencia\u201d"},"content":{"rendered":"<p>Este jueves 4 de abril de 11:00 a 12:00 en el sal\u00f3n Miguel Hidalgo del Palacio de Gobierno<\/p>\n<p>Este jueves se impartir\u00e1 nuevamente el Taller \u201cComunicaci\u00f3n con Perspectiva de Ni\u00f1ez y Adolescencia\u201d dirigido a periodistas de Chihuahua, en el sal\u00f3n Miguel Hidalgo del Palacio de Gobierno, de 11 a 12:00 horas.<\/p>\n<p>El taller estar\u00e1 a cargo de la directora general adjunta de Difusi\u00f3n y Comunicaci\u00f3n Social del Sistema Nacional de Protecci\u00f3n Integral de Ni\u00f1as, Ni\u00f1os y Adolescentes (Sipinna), Valeria Berumen Ornelas.<\/p>\n<p>Es promovido por el Sistema Estatal de Protecci\u00f3n Integral de Ni\u00f1as, Ni\u00f1os y Adolescentes y se invita a todos los comunicadores que deseen asistir este pr\u00f3ximo jueves 4.<\/p>\n<p>El objetivo es capacitar a comunicadores sobre la importancia de incorporar un enfoque de derechos de las ni\u00f1as, los ni\u00f1os y los adolescentes, en el manejo de im\u00e1genes e informaci\u00f3n p\u00fablica.<\/p>\n<p>Se busca que el desarrollo de contenidos informativos relacionados, tengan como prioridad el bien superior del ni\u00f1o y la garant\u00eda de sus derechos y que conozcan las implicaciones de la Ley General de Derecho de Ni\u00f1as, Ni\u00f1os y Adolescentes (Lgdnna), as\u00ed como el Inter\u00e9s Superior de la Ni\u00f1ez (ISN).<\/p>\n<p>El a\u00f1o pasado, la misma directora adjunta de Difusi\u00f3n y Comunicaci\u00f3n Social de Sipinna, Valeria Berumen, imparti\u00f3 este taller en la ciudad de Chihuahua.<\/p>\n","protected":false},"excerpt":{"rendered":"<p>Este jueves 4 de abril de 11:00 a 12:00 en el sal\u00f3n Miguel Hidalgo del Palacio de Gobierno Este jueves se impartir\u00e1 nuevamente el Taller \u201cComunicaci\u00f3n con Perspectiva de Ni\u00f1ez y Adolescencia\u201d dirigido a periodistas de Chihuahua, en el sal\u00f3n Miguel Hidalgo del Palacio de Gobierno, de 11 a 12:00 horas. El taller estar\u00e1 a [&hellip;]<\/p>\n","protected":false},"author":5,"featured_media":55101,"comment_status":"open","ping_status":"open","sticky":false,"template":"","format":"standard","meta":{"footnotes":""},"categories":[7],"tags":[],"class_list":["post-55099","post","type-post","status-publish","format-standard","has-post-thumbnail","hentry","category-estatales"],"views":3,"_links":{"self":[{"href":"https:\/\/notitodo.com.mx\/wp\/wp-json\/wp\/v2\/posts\/55099","targetHints":{"allow":["GET"]}}],"collection":[{"href":"https:\/\/notitodo.com.mx\/wp\/wp-json\/wp\/v2\/posts"}],"about":[{"href":"https:\/\/notitodo.com.mx\/wp\/wp-json\/wp\/v2\/types\/post"}],"author":[{"embeddable":true,"href":"https:\/\/notitodo.com.mx\/wp\/wp-json\/wp\/v2\/users\/5"}],"replies":[{"embeddable":true,"href":"https:\/\/notitodo.com.mx\/wp\/wp-json\/wp\/v2\/comments?post=55099"}],"version-history":[{"count":1,"href":"https:\/\/notitodo.com.mx\/wp\/wp-json\/wp\/v2\/posts\/55099\/revisions"}],"predecessor-version":[{"id":55102,"href":"https:\/\/notitodo.com.mx\/wp\/wp-json\/wp\/v2\/posts\/55099\/revisions\/55102"}],"wp:featuredmedia":[{"embeddable":true,"href":"https:\/\/notitodo.com.mx\/wp\/wp-json\/wp\/v2\/media\/55101"}],"wp:attachment":[{"href":"https:\/\/notitodo.com.mx\/wp\/wp-json\/wp\/v2\/media?parent=55099"}],"wp:term":[{"taxonomy":"category","embeddable":true,"href":"https:\/\/notitodo.com.mx\/wp\/wp-json\/wp\/v2\/categories?post=55099"},{"taxonomy":"post_tag","embeddable":true,"href":"https:\/\/notitodo.com.mx\/wp\/wp-json\/wp\/v2\/tags?post=55099"}],"curies":[{"name":"wp","href":"https:\/\/api.w.org\/{rel}","templated":true}]}}