{"id":54606,"date":"2019-03-27T00:39:33","date_gmt":"2019-03-27T00:39:33","guid":{"rendered":"https:\/\/notitodo.com.mx\/wp\/?p=54606"},"modified":"2019-03-27T00:39:33","modified_gmt":"2019-03-27T00:39:33","slug":"misael-maynez-invita-a-concierto-del-tenor-carlos-alberto-velazquez","status":"publish","type":"post","link":"https:\/\/notitodo.com.mx\/wp\/misael-maynez-invita-a-concierto-del-tenor-carlos-alberto-velazquez\/","title":{"rendered":"Misael M\u00e1ynez invita a concierto del tenor, Carlos Alberto Vel\u00e1zquez"},"content":{"rendered":"<p>Aliado de la cultura, el diputado, Misael M\u00e1ynez, extendi\u00f3 la invitaci\u00f3n del tenor chihuahuense, Carlos Alberto Vel\u00e1zquez, quien anunci\u00f3 el pr\u00f3ximo concierto \u201cHomenaje a los Grandes\u201d, que se realizar\u00e1 el pr\u00f3ximo 13 de abril en el Teatro de los H\u00e9roes.<br \/>\nEl concierto que organiza Ambach Producciones incluir\u00e1 composiciones de Juan Gabriel, Celine Dion, Andrea Boccelli, Armando Manzanero, m\u00fasica mexicana, as\u00ed como un show de luces que busca romper con esquemas con la voz del joven tenor.<\/p>\n<p>Tras su exitoso regreso de Espa\u00f1a, Vel\u00e1zquez dijo sentirse contento de volver a Chihuahua y agradeci\u00f3 la labor por parte del Poder Legislativo al colaborar en la<\/p>\n<p><!--more--><\/p>\n<p>difusi\u00f3n de la cultura y las artes.<br \/>\nEl tenor chihuahuense, adelant\u00f3 que para este concierto se colabora con artistas nacionales, entre ellos la soprano sinaloense, Arisb\u00e9 De La Barrera, as\u00ed como el cantante chihuahuense, Jacob Navarro, quien cantar\u00e1 pop \u00f3pera.<\/p>\n<p>En la rueda de prensa, Vel\u00e1zquez se acompa\u00f1\u00f3 del Maestro, Oliverio Pay\u00e1n, quien dirigir\u00e1 la orquesta para este concierto, as\u00ed como de Miguel Alejandro Parra, productor del evento.<br \/>\nPor su parte, el diputado, Misael M\u00e1ynez, aplaudi\u00f3 la iniciativa y el \u00edmpetu del tenor chihuahuense por su preparaci\u00f3n como artista, y al mismo tiempo su emprendimiento a trav\u00e9s de la producci\u00f3n de eventos de calidad para los chihuahuenses.<\/p>\n<p>El evento que se realizar\u00e1 el pr\u00f3ximo 13 de abril, a las 19:00 horas, tendr\u00e1 un costo de 200 pesos en luneta y 150 pesos en balc\u00f3n.<br \/>\nPara adquirir boletos, los interesados pueden acudir a las taquillas del Teatro as\u00ed como en los siguientes puntos de venta: Cafeter\u00eda Chelinos, Centro de Estudios para Invidentes, Restaurante Pampas Do Brasil, Muebler\u00eda M\u00ednima, Salon Mazaryk, y en la p\u00e1gina web de Ambach Producci\u00f3nes, a partir del 10 de abril.<\/p>\n","protected":false},"excerpt":{"rendered":"<p>Aliado de la cultura, el diputado, Misael M\u00e1ynez, extendi\u00f3 la invitaci\u00f3n del tenor chihuahuense, Carlos Alberto Vel\u00e1zquez, quien anunci\u00f3 el pr\u00f3ximo concierto \u201cHomenaje a los Grandes\u201d, que se realizar\u00e1 el pr\u00f3ximo 13 de abril en el Teatro de los H\u00e9roes. El concierto que organiza Ambach Producciones incluir\u00e1 composiciones de Juan Gabriel, Celine Dion, Andrea Boccelli, [&hellip;]<\/p>\n","protected":false},"author":5,"featured_media":54608,"comment_status":"open","ping_status":"open","sticky":false,"template":"","format":"standard","meta":{"footnotes":""},"categories":[9],"tags":[],"class_list":["post-54606","post","type-post","status-publish","format-standard","has-post-thumbnail","hentry","category-locales"],"views":80,"_links":{"self":[{"href":"https:\/\/notitodo.com.mx\/wp\/wp-json\/wp\/v2\/posts\/54606","targetHints":{"allow":["GET"]}}],"collection":[{"href":"https:\/\/notitodo.com.mx\/wp\/wp-json\/wp\/v2\/posts"}],"about":[{"href":"https:\/\/notitodo.com.mx\/wp\/wp-json\/wp\/v2\/types\/post"}],"author":[{"embeddable":true,"href":"https:\/\/notitodo.com.mx\/wp\/wp-json\/wp\/v2\/users\/5"}],"replies":[{"embeddable":true,"href":"https:\/\/notitodo.com.mx\/wp\/wp-json\/wp\/v2\/comments?post=54606"}],"version-history":[{"count":1,"href":"https:\/\/notitodo.com.mx\/wp\/wp-json\/wp\/v2\/posts\/54606\/revisions"}],"predecessor-version":[{"id":54609,"href":"https:\/\/notitodo.com.mx\/wp\/wp-json\/wp\/v2\/posts\/54606\/revisions\/54609"}],"wp:featuredmedia":[{"embeddable":true,"href":"https:\/\/notitodo.com.mx\/wp\/wp-json\/wp\/v2\/media\/54608"}],"wp:attachment":[{"href":"https:\/\/notitodo.com.mx\/wp\/wp-json\/wp\/v2\/media?parent=54606"}],"wp:term":[{"taxonomy":"category","embeddable":true,"href":"https:\/\/notitodo.com.mx\/wp\/wp-json\/wp\/v2\/categories?post=54606"},{"taxonomy":"post_tag","embeddable":true,"href":"https:\/\/notitodo.com.mx\/wp\/wp-json\/wp\/v2\/tags?post=54606"}],"curies":[{"name":"wp","href":"https:\/\/api.w.org\/{rel}","templated":true}]}}