{"id":54582,"date":"2019-03-27T00:29:36","date_gmt":"2019-03-27T00:29:36","guid":{"rendered":"https:\/\/notitodo.com.mx\/wp\/?p=54582"},"modified":"2019-03-27T00:29:36","modified_gmt":"2019-03-27T00:29:36","slug":"participa-gobierno-municipal-en-la-semana-inclusiva-de-la-upnech","status":"publish","type":"post","link":"https:\/\/notitodo.com.mx\/wp\/participa-gobierno-municipal-en-la-semana-inclusiva-de-la-upnech\/","title":{"rendered":"Participa Gobierno Municipal en la semana inclusiva de la UPNECH"},"content":{"rendered":"<p>El Instituto de Cultura del Municipio a trav\u00e9s de la Coordinaci\u00f3n de Fomento y a la Lectura y Programa Editorial participan en la semana inclusiva \u201cExperiencias y Triunfos\u201d impartida por la Universidad Pedag\u00f3gica Nacional del Estado de Chihuahua del 25 al 29 de marzo en las instalaciones de Mediateca Municipal.<\/p>\n<p>Dicho espacio abre sus puertas a la inclusi\u00f3n generando visitas guiadas para dar a conocer sus espacios y servicios, as\u00ed como la calidad de la atenci\u00f3n hacia los<\/p>\n<p><!--more--><\/p>\n<p>usuarios, puesto que los servidores que ah\u00ed laboran han recibido capacitaci\u00f3n para generar un servicio inclusivo.<\/p>\n<p>Los alumnos de la UPNECH tienen como objetivo promover la empat\u00eda en los usuarios de espacios p\u00fablicos hacia las personas con discapacidad para que conozcan de sus experiencias y su vida diaria, ayudando a fomentar una visi\u00f3n de inclusi\u00f3n y propiciando un autoaprendizaje acerca de la discapacidad.<\/p>\n<p>Dentro de las actividades programadas ser\u00e1n pl\u00e1ticas en torno acerca la sensibilizaci\u00f3n en tema de discapacidad, actividades inclusivas encaminadas al respeto, valores e igualdad de personas con discapacidad, as\u00ed como la presentaci\u00f3n de un baile a cargo de \u201cJ\u00f3venes en movimiento\u201d y tambi\u00e9n participar\u00e1 la asociaci\u00f3n civil \u201cEl Aliviane\u201d con la presentaci\u00f3n de una obra de teatro.<\/p>\n<p>Estas pl\u00e1ticas invitan a los diferentes sectores de la sociedad a redoblar esfuerzos a fin de fomentar una cultura de inclusi\u00f3n, para poner fin a la discriminaci\u00f3n y eliminar las malas actitudes que impidan que las personas con discapacidad puedan ejercer de manera plena sus derechos y tengan m\u00e1s oportunidades de vivir mejor.<\/p>\n","protected":false},"excerpt":{"rendered":"<p>El Instituto de Cultura del Municipio a trav\u00e9s de la Coordinaci\u00f3n de Fomento y a la Lectura y Programa Editorial participan en la semana inclusiva \u201cExperiencias y Triunfos\u201d impartida por la Universidad Pedag\u00f3gica Nacional del Estado de Chihuahua del 25 al 29 de marzo en las instalaciones de Mediateca Municipal. Dicho espacio abre sus puertas [&hellip;]<\/p>\n","protected":false},"author":5,"featured_media":54584,"comment_status":"open","ping_status":"open","sticky":false,"template":"","format":"standard","meta":{"footnotes":""},"categories":[15],"tags":[],"class_list":["post-54582","post","type-post","status-publish","format-standard","has-post-thumbnail","hentry","category-educacion"],"views":9,"_links":{"self":[{"href":"https:\/\/notitodo.com.mx\/wp\/wp-json\/wp\/v2\/posts\/54582","targetHints":{"allow":["GET"]}}],"collection":[{"href":"https:\/\/notitodo.com.mx\/wp\/wp-json\/wp\/v2\/posts"}],"about":[{"href":"https:\/\/notitodo.com.mx\/wp\/wp-json\/wp\/v2\/types\/post"}],"author":[{"embeddable":true,"href":"https:\/\/notitodo.com.mx\/wp\/wp-json\/wp\/v2\/users\/5"}],"replies":[{"embeddable":true,"href":"https:\/\/notitodo.com.mx\/wp\/wp-json\/wp\/v2\/comments?post=54582"}],"version-history":[{"count":1,"href":"https:\/\/notitodo.com.mx\/wp\/wp-json\/wp\/v2\/posts\/54582\/revisions"}],"predecessor-version":[{"id":54585,"href":"https:\/\/notitodo.com.mx\/wp\/wp-json\/wp\/v2\/posts\/54582\/revisions\/54585"}],"wp:featuredmedia":[{"embeddable":true,"href":"https:\/\/notitodo.com.mx\/wp\/wp-json\/wp\/v2\/media\/54584"}],"wp:attachment":[{"href":"https:\/\/notitodo.com.mx\/wp\/wp-json\/wp\/v2\/media?parent=54582"}],"wp:term":[{"taxonomy":"category","embeddable":true,"href":"https:\/\/notitodo.com.mx\/wp\/wp-json\/wp\/v2\/categories?post=54582"},{"taxonomy":"post_tag","embeddable":true,"href":"https:\/\/notitodo.com.mx\/wp\/wp-json\/wp\/v2\/tags?post=54582"}],"curies":[{"name":"wp","href":"https:\/\/api.w.org\/{rel}","templated":true}]}}