{"id":54566,"date":"2019-03-27T00:22:21","date_gmt":"2019-03-27T00:22:21","guid":{"rendered":"https:\/\/notitodo.com.mx\/wp\/?p=54566"},"modified":"2019-03-27T00:22:21","modified_gmt":"2019-03-27T00:22:21","slug":"gobierno-municipal-invita-a-sumarse-a-la-feria-azul-por-el-autismo-y-la-inclusion","status":"publish","type":"post","link":"https:\/\/notitodo.com.mx\/wp\/gobierno-municipal-invita-a-sumarse-a-la-feria-azul-por-el-autismo-y-la-inclusion\/","title":{"rendered":"Gobierno Municipal invita a sumarse a la \u201cFeria Azul\u201d por el autismo y la inclusi\u00f3n"},"content":{"rendered":"<p>Con la finalidad de generar conciencia y sensibilizar a la sociedad chihuahuense sobre el autismo, asperger y otros trastornos del neurodesarrollo, el Gobierno Municipal en colaboraci\u00f3n con organizaciones de la sociedad civil y Gobierno del Estado, invitan a la sociedad en general a sumarse a la primera \u201cFeria Azul\u201d a desarrollarse en la ciudad.<\/p>\n<p>Este evento se realizar\u00e1 de forma gratuita el pr\u00f3ximo 6 de abril a partir de las 10 de la ma\u00f1ana hasta las 5 de la tarde en el parque \u201cLa Pi\u00f1ata\u201d, ubicado en la avenida La Cantera colonia Campestre II Etapa, en donde los asistentes podr\u00e1n disfrutar de actividades art\u00edsticas, recreativas, monta terap\u00e9utica de caballos, as\u00ed como stands informativos sobre el Trastorno del Espectro Autista, adem\u00e1s de poder participar en la primer rodada por el autismo, que saldr\u00e1 a las 3 de la tarde de la explanada del parque El Palomar.<\/p>\n<p>En M\u00e9xico uno de cada 115 ni\u00f1os est\u00e1 diagnosticado con autismo sin que exista alg\u00fan dato adicional, ya que<\/p>\n<p><!--more--><\/p>\n<p>muchos de los casos incluso se detectan en la adolescencia o bien edad adulta.<\/p>\n<p>Gerardo Gayo de la asociaci\u00f3n \u201cIluminemos de Azul\u201d, -organizaci\u00f3n dedicada a fomentar la inclusi\u00f3n de las personas con autismo- mencion\u00f3 que muchas de las pol\u00edticas p\u00fablicas son creadas a ciegas, ya que se desconocen los contextos socioculturales sobre este trastorno neurol\u00f3gico, por lo que llam\u00f3 a la sociedad a que como cada a\u00f1o el mes de abril sirva para poner el tema en la conversaci\u00f3n p\u00fablica, para hablar de inclusi\u00f3n y promover la inclusi\u00f3n de personas con autismo en la sociedad.<\/p>\n<p>Marco Bonilla Mendoza, director de Desarrollo Humano y Educaci\u00f3n del Municipio invit\u00f3 a la ciudadan\u00eda en general a disfrutar de este espacio recreativo y a su vez solidarizarse con quienes padecen autismo y con sus familias, que diariamente luchan por una mayor inclusi\u00f3n y acceso a sus derechos.<\/p>\n<p>El Gobierno Municipal desde el primer d\u00eda de gesti\u00f3n ha trabajado activamente en programas que ayuden a ser una ciudad incluyente para todo tipo de chihuahuenses, sumando esfuerzos y voluntades. Lo anterior por medio de la entrega Becas para personas con discapacidad destinando 10 millones de pesos en 2 mil 595 becas, dentro delos beneficiarios hay personas con autismo; en 2018 se reactiv\u00f3 el Centro de Equinoterapia donde hay una sala multisensorial que brinda especial apoyo a ni\u00f1os, ni\u00f1as y j\u00f3venes con autismo, adem\u00e1s de trabajar en el protocolo de atenci\u00f3n a personas con discapacidad.<\/p>\n<p>Esta Feria Azul contempla actividades diversas a realizarse en el marco de la conmemoraci\u00f3n del 2 de abril, D\u00eda Mundial de Concienciaci\u00f3n sobre el Autismo, siendo estas:<\/p>\n<p>-Iluminaci\u00f3n de edificios en la ciudad por parte del Instituto de Cultura del Municipio, entre ellos El Teatro de la Ciudad, museo Casa Siglo IXX as\u00ed como la gaza de La Cantera en donde se proyectar\u00e1n luces azules, adem\u00e1s de edificios estatales.<\/p>\n<p>-26 de Marzo de 11:00 a 1:00 Conferencia: La resiliencia en la familia, lugar: Museo Semilla<\/p>\n<p>-29 de marzo 2:00 a 7:00 1er Simposio de autismo, instituto Jos\u00e9 David, perif\u00e9rico de la Juventud<\/p>\n<p>-1 de abril a las 10:30 inauguraci\u00f3n de exposici\u00f3n fotogr\u00e1fica Miradas que Iluminan en el Mezaninne del Congreso del Estado<\/p>\n<p>-2 de abril a las 10:30 inauguraci\u00f3n del mural \u201cD\u00eda Mundial de la Concienciaci\u00f3n del Autismo\u201d en el gimnasio del Colegio Palmore<\/p>\n<p>-5 de abril 9 a 2 de la tarde el taller \u201cAprendiendo con Movimientos\u201d en el gimnasio de la Facultad de Ciencias de la Cultura F\u00edsica de la UACH<\/p>\n<p>-5 de abril de 4 a 8 de la tarde panel de expertos y conferencias magistrales en el auditorio Cruz Miramontes de la Facultad de Derecho de la UACH<\/p>\n<p>-6 de abril de 3 a 4 de la tarde, la 1er rodada biker por el autismo, partiendo de la explanada del parque El Palomar<\/p>\n<p>-7 de abril a las 9 de la ma\u00f1ana misa azul en la parroquia Medalla Milagrosa<\/p>\n<p>-7 de abril a las 9:45 caminata azul de la parroquia Medalla Milagrosa hacia \u201cDomingo Feliz\u201d en la Ciudad Deportiva<\/p>\n<p>-7 de abril de 10 de la ma\u00f1ana a 3 de la tarde \u201cDomingo Feliz\u201d en la Ciudad Deportiva<\/p>\n","protected":false},"excerpt":{"rendered":"<p>Con la finalidad de generar conciencia y sensibilizar a la sociedad chihuahuense sobre el autismo, asperger y otros trastornos del neurodesarrollo, el Gobierno Municipal en colaboraci\u00f3n con organizaciones de la sociedad civil y Gobierno del Estado, invitan a la sociedad en general a sumarse a la primera \u201cFeria Azul\u201d a desarrollarse en la ciudad. Este [&hellip;]<\/p>\n","protected":false},"author":5,"featured_media":54568,"comment_status":"open","ping_status":"open","sticky":false,"template":"","format":"standard","meta":{"footnotes":""},"categories":[9],"tags":[],"class_list":["post-54566","post","type-post","status-publish","format-standard","has-post-thumbnail","hentry","category-locales"],"views":37,"_links":{"self":[{"href":"https:\/\/notitodo.com.mx\/wp\/wp-json\/wp\/v2\/posts\/54566","targetHints":{"allow":["GET"]}}],"collection":[{"href":"https:\/\/notitodo.com.mx\/wp\/wp-json\/wp\/v2\/posts"}],"about":[{"href":"https:\/\/notitodo.com.mx\/wp\/wp-json\/wp\/v2\/types\/post"}],"author":[{"embeddable":true,"href":"https:\/\/notitodo.com.mx\/wp\/wp-json\/wp\/v2\/users\/5"}],"replies":[{"embeddable":true,"href":"https:\/\/notitodo.com.mx\/wp\/wp-json\/wp\/v2\/comments?post=54566"}],"version-history":[{"count":1,"href":"https:\/\/notitodo.com.mx\/wp\/wp-json\/wp\/v2\/posts\/54566\/revisions"}],"predecessor-version":[{"id":54569,"href":"https:\/\/notitodo.com.mx\/wp\/wp-json\/wp\/v2\/posts\/54566\/revisions\/54569"}],"wp:featuredmedia":[{"embeddable":true,"href":"https:\/\/notitodo.com.mx\/wp\/wp-json\/wp\/v2\/media\/54568"}],"wp:attachment":[{"href":"https:\/\/notitodo.com.mx\/wp\/wp-json\/wp\/v2\/media?parent=54566"}],"wp:term":[{"taxonomy":"category","embeddable":true,"href":"https:\/\/notitodo.com.mx\/wp\/wp-json\/wp\/v2\/categories?post=54566"},{"taxonomy":"post_tag","embeddable":true,"href":"https:\/\/notitodo.com.mx\/wp\/wp-json\/wp\/v2\/tags?post=54566"}],"curies":[{"name":"wp","href":"https:\/\/api.w.org\/{rel}","templated":true}]}}