{"id":54529,"date":"2019-03-26T05:10:44","date_gmt":"2019-03-26T05:10:44","guid":{"rendered":"https:\/\/notitodo.com.mx\/wp\/?p=54529"},"modified":"2019-03-26T05:10:44","modified_gmt":"2019-03-26T05:10:44","slug":"rinden-homenaje-a-policia-municipal-fallecido-en-accidente-automovilistico","status":"publish","type":"post","link":"https:\/\/notitodo.com.mx\/wp\/rinden-homenaje-a-policia-municipal-fallecido-en-accidente-automovilistico\/","title":{"rendered":"Rinden homenaje a polic\u00eda municipal fallecido en accidente automovil\u00edstico"},"content":{"rendered":"<p>Con una guardia de honor que se realiz\u00f3 en las instalaciones de la Comandancia Norte, fue despedido este lunes el polic\u00eda municipal fallecido el pasado fin de semana en un accidente automovil\u00edstico ocurrido al sur de la ciudad, y quien hab\u00eda brindando seguridad a la comunidad chihuahuense por casi 5 a\u00f1os.<\/p>\n<p>Francisco \u00c1valos Alarc\u00f3n, quien al momento de su fallecimiento contaba con 36 a\u00f1os de edad, fue v\u00edctima de un incidente vial suscitado la ma\u00f1ana del pasado s\u00e1bado, en calles de la colonia San Rafael tras encontrarse en su d\u00eda de descanso, cuya causa ser\u00e1 determinada en su momento por la<\/p>\n<p><!--more--><\/p>\n<p>autoridad pertinente.<\/p>\n<p>Desde julio del a\u00f1o 2014, el agente, con grado de polic\u00eda de academia, y quien contaba con una licenciatura en Educaci\u00f3n F\u00edsica, ingres\u00f3 a las filas de la Direcci\u00f3n de Seguridad P\u00fablica Municipal de Chihuahua para velar por la seguridad de la ciudadan\u00eda de manera valiente y activa.<\/p>\n<p>En un discurso ofrecido a los presentes, el coordinador del Distrito Villa al que pertenec\u00eda, Martin Mel\u00e9ndez, agradeci\u00f3 a sus familiares y amigos por haberlo impulsado a ingresar y a continuar realizando la actividad policial de manera disciplinada hasta la fecha de su fallecimiento, brindando patrullajes en las calles de ese zona.<\/p>\n<p>El director de la dependencia, Gilberto Loya Ch\u00e1vez, expres\u00f3 las condolencias a sus familiares, para despu\u00e9s montar guardia a un lado del f\u00e9retro, junto con el subdirector operativo y los compa\u00f1eros de turno que con aplausos le brindaron el \u00faltimo adi\u00f3s.<\/p>\n","protected":false},"excerpt":{"rendered":"<p>Con una guardia de honor que se realiz\u00f3 en las instalaciones de la Comandancia Norte, fue despedido este lunes el polic\u00eda municipal fallecido el pasado fin de semana en un accidente automovil\u00edstico ocurrido al sur de la ciudad, y quien hab\u00eda brindando seguridad a la comunidad chihuahuense por casi 5 a\u00f1os. Francisco \u00c1valos Alarc\u00f3n, quien [&hellip;]<\/p>\n","protected":false},"author":5,"featured_media":54531,"comment_status":"open","ping_status":"open","sticky":false,"template":"","format":"standard","meta":{"footnotes":""},"categories":[9],"tags":[],"class_list":["post-54529","post","type-post","status-publish","format-standard","has-post-thumbnail","hentry","category-locales"],"views":28,"_links":{"self":[{"href":"https:\/\/notitodo.com.mx\/wp\/wp-json\/wp\/v2\/posts\/54529","targetHints":{"allow":["GET"]}}],"collection":[{"href":"https:\/\/notitodo.com.mx\/wp\/wp-json\/wp\/v2\/posts"}],"about":[{"href":"https:\/\/notitodo.com.mx\/wp\/wp-json\/wp\/v2\/types\/post"}],"author":[{"embeddable":true,"href":"https:\/\/notitodo.com.mx\/wp\/wp-json\/wp\/v2\/users\/5"}],"replies":[{"embeddable":true,"href":"https:\/\/notitodo.com.mx\/wp\/wp-json\/wp\/v2\/comments?post=54529"}],"version-history":[{"count":1,"href":"https:\/\/notitodo.com.mx\/wp\/wp-json\/wp\/v2\/posts\/54529\/revisions"}],"predecessor-version":[{"id":54532,"href":"https:\/\/notitodo.com.mx\/wp\/wp-json\/wp\/v2\/posts\/54529\/revisions\/54532"}],"wp:featuredmedia":[{"embeddable":true,"href":"https:\/\/notitodo.com.mx\/wp\/wp-json\/wp\/v2\/media\/54531"}],"wp:attachment":[{"href":"https:\/\/notitodo.com.mx\/wp\/wp-json\/wp\/v2\/media?parent=54529"}],"wp:term":[{"taxonomy":"category","embeddable":true,"href":"https:\/\/notitodo.com.mx\/wp\/wp-json\/wp\/v2\/categories?post=54529"},{"taxonomy":"post_tag","embeddable":true,"href":"https:\/\/notitodo.com.mx\/wp\/wp-json\/wp\/v2\/tags?post=54529"}],"curies":[{"name":"wp","href":"https:\/\/api.w.org\/{rel}","templated":true}]}}