{"id":54493,"date":"2019-03-26T04:54:48","date_gmt":"2019-03-26T04:54:48","guid":{"rendered":"https:\/\/notitodo.com.mx\/wp\/?p=54493"},"modified":"2019-03-26T04:54:48","modified_gmt":"2019-03-26T04:54:48","slug":"personal-femenino-de-secretaria-de-desarrollo-social-asiste-al-conversatorio-estrategias-de-resistencia-en-un-contexto-machista","status":"publish","type":"post","link":"https:\/\/notitodo.com.mx\/wp\/personal-femenino-de-secretaria-de-desarrollo-social-asiste-al-conversatorio-estrategias-de-resistencia-en-un-contexto-machista\/","title":{"rendered":"Personal femenino de Secretar\u00eda de Desarrollo Social asiste al conversatorio \u201cEstrategias de Resistencia en un Contexto Machista\u201d"},"content":{"rendered":"<p>En el marco de la conmemoraci\u00f3n por el D\u00eda Internacional de las Mujeres, la Secretar\u00eda de Desarrollo Social, a trav\u00e9s de la Coordinaci\u00f3n de Cohesi\u00f3n Social y Participaci\u00f3n Ciudadana, llev\u00f3 a cabo el conversatorio \u201cEstrategias de Resistencia en un Contexto Machista\u201d, en el que participaron mujeres trabajadoras de la dependencia estatal.<\/p>\n<p>El evento fue realizado por Karina Baltazares, coordinadora del \u00e1rea de facilitadores comunitarios, y a cargo de las ponentes Catalina Herrera, jefa del Departamento de Ni\u00f1as, Ni\u00f1os y Adolescentes; Hilda de la Vega, jefa del Departamento de Participaci\u00f3n Social y Comunitaria; y Oralia Carrillo, facilitadora comunitaria; adem\u00e1s de contar con la presencia de<\/p>\n<p><!--more--><\/p>\n<p>m\u00e1s de 20 mujeres que forman parte de dicha coordinaci\u00f3n.<\/p>\n<p>El objetivo del conversatorio, fue compartir saberes y experiencias en torno a las pr\u00e1cticas y creencias que han roto con paradigmas sobre las expresiones y relaciones de g\u00e9nero, presentes en un sistema patriarcal y una cultura machista.<br \/>\nKarina Baltazares coment\u00f3: \u201cSe centr\u00f3 en poder hablar acerca de las estrategias de resistencia, emprendidas por mujeres que han destacado en esta sociedad donde generalmente se tiende a dar preferencia o privilegio a los varones\u201d.<\/p>\n<p>En el conversatorio, se busc\u00f3 crear un espacio de di\u00e1logo y debate sobre el papel de la mujer, el proceso hist\u00f3rico que ha enfrentado para adquirir derechos, y el reconocimiento a la lucha cotidiana en la sociedad moderna.<\/p>\n","protected":false},"excerpt":{"rendered":"<p>En el marco de la conmemoraci\u00f3n por el D\u00eda Internacional de las Mujeres, la Secretar\u00eda de Desarrollo Social, a trav\u00e9s de la Coordinaci\u00f3n de Cohesi\u00f3n Social y Participaci\u00f3n Ciudadana, llev\u00f3 a cabo el conversatorio \u201cEstrategias de Resistencia en un Contexto Machista\u201d, en el que participaron mujeres trabajadoras de la dependencia estatal. El evento fue realizado [&hellip;]<\/p>\n","protected":false},"author":5,"featured_media":54495,"comment_status":"open","ping_status":"open","sticky":false,"template":"","format":"standard","meta":{"footnotes":""},"categories":[7],"tags":[],"class_list":["post-54493","post","type-post","status-publish","format-standard","has-post-thumbnail","hentry","category-estatales"],"views":13,"_links":{"self":[{"href":"https:\/\/notitodo.com.mx\/wp\/wp-json\/wp\/v2\/posts\/54493","targetHints":{"allow":["GET"]}}],"collection":[{"href":"https:\/\/notitodo.com.mx\/wp\/wp-json\/wp\/v2\/posts"}],"about":[{"href":"https:\/\/notitodo.com.mx\/wp\/wp-json\/wp\/v2\/types\/post"}],"author":[{"embeddable":true,"href":"https:\/\/notitodo.com.mx\/wp\/wp-json\/wp\/v2\/users\/5"}],"replies":[{"embeddable":true,"href":"https:\/\/notitodo.com.mx\/wp\/wp-json\/wp\/v2\/comments?post=54493"}],"version-history":[{"count":1,"href":"https:\/\/notitodo.com.mx\/wp\/wp-json\/wp\/v2\/posts\/54493\/revisions"}],"predecessor-version":[{"id":54496,"href":"https:\/\/notitodo.com.mx\/wp\/wp-json\/wp\/v2\/posts\/54493\/revisions\/54496"}],"wp:featuredmedia":[{"embeddable":true,"href":"https:\/\/notitodo.com.mx\/wp\/wp-json\/wp\/v2\/media\/54495"}],"wp:attachment":[{"href":"https:\/\/notitodo.com.mx\/wp\/wp-json\/wp\/v2\/media?parent=54493"}],"wp:term":[{"taxonomy":"category","embeddable":true,"href":"https:\/\/notitodo.com.mx\/wp\/wp-json\/wp\/v2\/categories?post=54493"},{"taxonomy":"post_tag","embeddable":true,"href":"https:\/\/notitodo.com.mx\/wp\/wp-json\/wp\/v2\/tags?post=54493"}],"curies":[{"name":"wp","href":"https:\/\/api.w.org\/{rel}","templated":true}]}}