{"id":54231,"date":"2019-03-24T13:14:52","date_gmt":"2019-03-24T13:14:52","guid":{"rendered":"https:\/\/notitodo.com.mx\/wp\/?p=54231"},"modified":"2019-03-24T13:14:52","modified_gmt":"2019-03-24T13:14:52","slug":"sensibilizan-a-alumnos-de-escuela-primaria-sobre-el-sindrome-de-down","status":"publish","type":"post","link":"https:\/\/notitodo.com.mx\/wp\/sensibilizan-a-alumnos-de-escuela-primaria-sobre-el-sindrome-de-down\/","title":{"rendered":"Sensibilizan a alumnos de escuela primaria sobre el S\u00edndrome de Down"},"content":{"rendered":"<p>n el marco de la conmemoraci\u00f3n del D\u00eda Mundial del S\u00edndrome de Down, la Secretar\u00eda de Desarrollo Social, a trav\u00e9s de la Direcci\u00f3n de Grupos Vulnerables y Prevenci\u00f3n a la Discriminaci\u00f3n, llev\u00f3 pl\u00e1ticas de sensibilizaci\u00f3n a 130 alumnas y alumnos de quinto y sexto grado, de la Primaria Federal Amado Nervo, en Ciudad Ju\u00e1rez.<br \/>\nEl S\u00edndrome de Down no es una enfermedad, sino una condici\u00f3n gen\u00e9tica, por lo que se deben eliminar las barreras que la sociedad impone y generar una<\/p>\n<p><!--more--><\/p>\n<p>cultura de cambio e inclusi\u00f3n.<\/p>\n<p>Por esta raz\u00f3n, la direcci\u00f3n decidi\u00f3 comenzar la sensibilizaci\u00f3n en los niveles escolares medios, con pl\u00e1ticas donde se dio la oportunidad de responder a las preguntas que las y los estudiantes tuvieron sobre el tema.<\/p>\n<p>En diciembre del 2011, la Asamblea General de las Naciones Unidas design\u00f3 el 21 de Marzo como el D\u00eda Mundial del S\u00edndrome de Down, y desde el a\u00f1o se celebra para generar una mayor conciencia sobre las capacidades y contribuciones de las personas con discapacidad intelectual, que les permita el pleno goce de sus derechos en igualdad de condiciones y sin discriminaci\u00f3n.<\/p>\n","protected":false},"excerpt":{"rendered":"<p>n el marco de la conmemoraci\u00f3n del D\u00eda Mundial del S\u00edndrome de Down, la Secretar\u00eda de Desarrollo Social, a trav\u00e9s de la Direcci\u00f3n de Grupos Vulnerables y Prevenci\u00f3n a la Discriminaci\u00f3n, llev\u00f3 pl\u00e1ticas de sensibilizaci\u00f3n a 130 alumnas y alumnos de quinto y sexto grado, de la Primaria Federal Amado Nervo, en Ciudad Ju\u00e1rez. El [&hellip;]<\/p>\n","protected":false},"author":5,"featured_media":54233,"comment_status":"open","ping_status":"open","sticky":false,"template":"","format":"standard","meta":{"footnotes":""},"categories":[15],"tags":[],"class_list":["post-54231","post","type-post","status-publish","format-standard","has-post-thumbnail","hentry","category-educacion"],"views":28,"_links":{"self":[{"href":"https:\/\/notitodo.com.mx\/wp\/wp-json\/wp\/v2\/posts\/54231","targetHints":{"allow":["GET"]}}],"collection":[{"href":"https:\/\/notitodo.com.mx\/wp\/wp-json\/wp\/v2\/posts"}],"about":[{"href":"https:\/\/notitodo.com.mx\/wp\/wp-json\/wp\/v2\/types\/post"}],"author":[{"embeddable":true,"href":"https:\/\/notitodo.com.mx\/wp\/wp-json\/wp\/v2\/users\/5"}],"replies":[{"embeddable":true,"href":"https:\/\/notitodo.com.mx\/wp\/wp-json\/wp\/v2\/comments?post=54231"}],"version-history":[{"count":1,"href":"https:\/\/notitodo.com.mx\/wp\/wp-json\/wp\/v2\/posts\/54231\/revisions"}],"predecessor-version":[{"id":54234,"href":"https:\/\/notitodo.com.mx\/wp\/wp-json\/wp\/v2\/posts\/54231\/revisions\/54234"}],"wp:featuredmedia":[{"embeddable":true,"href":"https:\/\/notitodo.com.mx\/wp\/wp-json\/wp\/v2\/media\/54233"}],"wp:attachment":[{"href":"https:\/\/notitodo.com.mx\/wp\/wp-json\/wp\/v2\/media?parent=54231"}],"wp:term":[{"taxonomy":"category","embeddable":true,"href":"https:\/\/notitodo.com.mx\/wp\/wp-json\/wp\/v2\/categories?post=54231"},{"taxonomy":"post_tag","embeddable":true,"href":"https:\/\/notitodo.com.mx\/wp\/wp-json\/wp\/v2\/tags?post=54231"}],"curies":[{"name":"wp","href":"https:\/\/api.w.org\/{rel}","templated":true}]}}