{"id":54159,"date":"2019-03-24T01:55:16","date_gmt":"2019-03-24T01:55:16","guid":{"rendered":"https:\/\/notitodo.com.mx\/wp\/?p=54159"},"modified":"2019-03-24T01:55:16","modified_gmt":"2019-03-24T01:55:16","slug":"designan-a-nueva-directora-de-la-escuela-normal-superior","status":"publish","type":"post","link":"https:\/\/notitodo.com.mx\/wp\/designan-a-nueva-directora-de-la-escuela-normal-superior\/","title":{"rendered":"Designan a nueva directora de la Escuela Normal Superior"},"content":{"rendered":"<p>Ante personal directivo, administrativo, docente y de servicio de la Escuela Normal Superior \u201cProfr. Jos\u00e9 E. Medrano R.\u201d, se llev\u00f3 a cabo la toma de protesta a Mirna Rodr\u00edguez Zaragoza como titular de dicha instituci\u00f3n.<!--more--><\/p>\n<p>El subsecretario de Educaci\u00f3n, Miguel \u00c1ngel Valdez Garc\u00eda, en representaci\u00f3n del gobernador Javier Corral, fue el encargado de tomar la protesta de ley a la nueva funcionaria.<\/p>\n<p>Valdez Garc\u00eda felicit\u00f3 a Rodr\u00edguez Zaragoza y refrend\u00f3 el apoyo de la Secretar\u00eda de Educaci\u00f3n y Deporte (SEyD), para el desarrollo de la Escuela Normal Superior.<\/p>\n<p>A su vez, H\u00e9ctor Villanueva M\u00e1ynez, coordinador de Asesores de la Secretar\u00eda de Educaci\u00f3n y Deporte (SEyD), manifest\u00f3 que el gobernador reafirm\u00f3 el nombramiento de Rodr\u00edguez Zaragoza, quien fue propuesta por la Junta Directiva del \u00d3rgano de Gobierno de la Escuela Normal Superior.<\/p>\n<p>Detall\u00f3 que Rodr\u00edguez Zaragoza es ampliamente conocida porque su entorno espec\u00edfico es la docencia, donde se ha desempe\u00f1ado en todos los niveles educativos, adem\u00e1s de ser investigadora en el Cuerpo Acad\u00e9mico de Formaci\u00f3n Docente de la Escuela Normal del Estado y ocupar la subdirecci\u00f3n acad\u00e9mica de la Escuela Normal Superior.<\/p>\n<p>Agreg\u00f3 que la funcionaria curs\u00f3 la Licenciatura en Educaci\u00f3n Primaria en la Normal del Estado, adem\u00e1s de la Licenciatura en Educaci\u00f3n Media con especialidad en Matem\u00e1ticas en la Normal Superior \u201cProfr. Jos\u00e9 E. Medrano R.\u201d<\/p>\n<p>Asimismo, cuenta con una Maestr\u00eda en Desarrollo Educativo, una Especializaci\u00f3n en Competencias y un Doctorado en Educaci\u00f3n y Formaci\u00f3n por Competencias, el cual obtuvo con una tesis que denomin\u00f3 \u201cMaestros de Educaci\u00f3n Media Superior: pr\u00e1cticas y condiciones de su docencia\u201d.<\/p>\n<p>La nueva directora de la Escuela Normal Superior agradeci\u00f3 el voto de confianza depositado por el gobernador, adem\u00e1s exhort\u00f3 al personal a trabajar de manera coordinada en favor de la instituci\u00f3n.<\/p>\n<p>\u201cUstedes saben cu\u00e1nto amo esta escuela, vamos a hacer muchas cosas interesantes, tengo toda la intenci\u00f3n de que as\u00ed sea y con gente como ustedes s\u00e9 que pronto comenzaremos a ver los resultados\u201d, asever\u00f3 Rodr\u00edguez Zaragoza.<\/p>\n<p>Durante la ceremonia, las autoridades educativas tambi\u00e9n reconocieron y agradecieron el trabajo del maestro H\u00e9ctor Navarro Barr\u00f3n, quien en las \u00faltimas semanas estuvo como encargado del Despacho de la Normal Superior.<\/p>\n","protected":false},"excerpt":{"rendered":"<p>Ante personal directivo, administrativo, docente y de servicio de la Escuela Normal Superior \u201cProfr. Jos\u00e9 E. Medrano R.\u201d, se llev\u00f3 a cabo la toma de protesta a Mirna Rodr\u00edguez Zaragoza como titular de dicha instituci\u00f3n.<\/p>\n","protected":false},"author":5,"featured_media":54161,"comment_status":"open","ping_status":"open","sticky":false,"template":"","format":"standard","meta":{"footnotes":""},"categories":[15],"tags":[],"class_list":["post-54159","post","type-post","status-publish","format-standard","has-post-thumbnail","hentry","category-educacion"],"views":21,"_links":{"self":[{"href":"https:\/\/notitodo.com.mx\/wp\/wp-json\/wp\/v2\/posts\/54159","targetHints":{"allow":["GET"]}}],"collection":[{"href":"https:\/\/notitodo.com.mx\/wp\/wp-json\/wp\/v2\/posts"}],"about":[{"href":"https:\/\/notitodo.com.mx\/wp\/wp-json\/wp\/v2\/types\/post"}],"author":[{"embeddable":true,"href":"https:\/\/notitodo.com.mx\/wp\/wp-json\/wp\/v2\/users\/5"}],"replies":[{"embeddable":true,"href":"https:\/\/notitodo.com.mx\/wp\/wp-json\/wp\/v2\/comments?post=54159"}],"version-history":[{"count":1,"href":"https:\/\/notitodo.com.mx\/wp\/wp-json\/wp\/v2\/posts\/54159\/revisions"}],"predecessor-version":[{"id":54162,"href":"https:\/\/notitodo.com.mx\/wp\/wp-json\/wp\/v2\/posts\/54159\/revisions\/54162"}],"wp:featuredmedia":[{"embeddable":true,"href":"https:\/\/notitodo.com.mx\/wp\/wp-json\/wp\/v2\/media\/54161"}],"wp:attachment":[{"href":"https:\/\/notitodo.com.mx\/wp\/wp-json\/wp\/v2\/media?parent=54159"}],"wp:term":[{"taxonomy":"category","embeddable":true,"href":"https:\/\/notitodo.com.mx\/wp\/wp-json\/wp\/v2\/categories?post=54159"},{"taxonomy":"post_tag","embeddable":true,"href":"https:\/\/notitodo.com.mx\/wp\/wp-json\/wp\/v2\/tags?post=54159"}],"curies":[{"name":"wp","href":"https:\/\/api.w.org\/{rel}","templated":true}]}}