{"id":53931,"date":"2019-03-21T00:36:23","date_gmt":"2019-03-21T00:36:23","guid":{"rendered":"https:\/\/notitodo.com.mx\/wp\/?p=53931"},"modified":"2019-03-21T00:36:23","modified_gmt":"2019-03-21T00:36:23","slug":"realizan-coloquio-sobre-habilidades-socioemocionales-en-estudiantes-de-preescolar","status":"publish","type":"post","link":"https:\/\/notitodo.com.mx\/wp\/realizan-coloquio-sobre-habilidades-socioemocionales-en-estudiantes-de-preescolar\/","title":{"rendered":"REALIZAN COLOQUIO SOBRE HABILIDADES SOCIOEMOCIONALES  EN  ESTUDIANTES DE PREESCOLAR"},"content":{"rendered":"<p>Personal directivo y docente de educaci\u00f3n preescolar particip\u00f3 en el Coloquio \u201cEvaluaci\u00f3n y Habilidades Socioemocionales en el Marco de la Educaci\u00f3n Inclusiva\u201d, inaugurado por el secretario de Educaci\u00f3n y Deporte, Carlos Gonz\u00e1lez Herrera.<!--more--><\/p>\n<p>Esta jornada acad\u00e9mica estuvo a cargo del Departamento de Educaci\u00f3n Preescolar de Servicios Educativos del Estado de Chihuahua (SEECH) y reuni\u00f3 a educadoras de diversas regiones del Estado, personal docente encargado de dirigir la educaci\u00f3n preescolar federalizada, a fin de que conozcan mejor y lleven a la pr\u00e1ctica el desarrollo de habilidades socioemocionales en menores de edad que cursan dicho nivel.<\/p>\n<p>La conferencia \u201cHabilidades Socioemocionales\u201d, fue impartida por Sergio Tob\u00f3n, especialista en temas educativos, quien ofreci\u00f3 al personal asistente una amplia visi\u00f3n del tema enfoque socioemocional, el cual surge como respuesta a las necesidades de formaci\u00f3n de las sociedades actuales.<\/p>\n<p>Durante su mensaje, el Secretario de Educaci\u00f3n y Deporte destac\u00f3 la importancia del trabajo que realiza el profesorado de preescolar, para lograr que la educaci\u00f3n no sea solo una serie de aprendizajes, sino que permita a las y los infantes, ser conscientes de su persona, as\u00ed como del entorno social y natural que los rodea.<\/p>\n<p>Mencion\u00f3 que la acci\u00f3n de educar es un acto de construcci\u00f3n nacional, que debe estar orientada a que ni\u00f1os y ni\u00f1as sean felices, pues ese es el verdadero objetivo de la educaci\u00f3n integral.<\/p>\n<p>La ni\u00f1a Ana Sof\u00eda Moreno, alumna de primer grado en la escuela \u201cRicardo Bonfil\u201d y ganadora del concurso \u201cDon Quijote nos invita a leer\u201d, en la vertiente de Voces del Quijote, expres\u00f3 que palabras como \u201cevaluaci\u00f3n\u201d, \u201cinclusi\u00f3n\u201d e \u201cintegraci\u00f3n\u201d, eran para ella conceptos complicados \u201cAunque para m\u00ed son complicados, s\u00e9 que ustedes los conocen bien y quiero agradecerles que est\u00e9n aqu\u00ed prepar\u00e1ndose para lograr que nosotros seamos ni\u00f1as y ni\u00f1os m\u00e1s felices\u201d.<\/p>\n<p>El evento cont\u00f3 con la asistencia de jefas de sector, supervisoras, asesoras t\u00e9cnico pedag\u00f3gicas y docentes del nivel de educaci\u00f3n preescolar, quienes adem\u00e1s de la conferencia, realizaron por la tarde un taller pr\u00e1ctico, mediante una din\u00e1mica de preguntas y respuestas, a ra\u00edz de lo expuesto previamente por Sergio Tob\u00f3n, en sus \u00e1mbitos de competencia.<\/p>\n","protected":false},"excerpt":{"rendered":"<p>Personal directivo y docente de educaci\u00f3n preescolar particip\u00f3 en el Coloquio \u201cEvaluaci\u00f3n y Habilidades Socioemocionales en el Marco de la Educaci\u00f3n Inclusiva\u201d, inaugurado por el secretario de Educaci\u00f3n y Deporte, Carlos Gonz\u00e1lez Herrera.<\/p>\n","protected":false},"author":5,"featured_media":53933,"comment_status":"open","ping_status":"open","sticky":false,"template":"","format":"standard","meta":{"footnotes":""},"categories":[15],"tags":[],"class_list":["post-53931","post","type-post","status-publish","format-standard","has-post-thumbnail","hentry","category-educacion"],"views":33,"_links":{"self":[{"href":"https:\/\/notitodo.com.mx\/wp\/wp-json\/wp\/v2\/posts\/53931","targetHints":{"allow":["GET"]}}],"collection":[{"href":"https:\/\/notitodo.com.mx\/wp\/wp-json\/wp\/v2\/posts"}],"about":[{"href":"https:\/\/notitodo.com.mx\/wp\/wp-json\/wp\/v2\/types\/post"}],"author":[{"embeddable":true,"href":"https:\/\/notitodo.com.mx\/wp\/wp-json\/wp\/v2\/users\/5"}],"replies":[{"embeddable":true,"href":"https:\/\/notitodo.com.mx\/wp\/wp-json\/wp\/v2\/comments?post=53931"}],"version-history":[{"count":1,"href":"https:\/\/notitodo.com.mx\/wp\/wp-json\/wp\/v2\/posts\/53931\/revisions"}],"predecessor-version":[{"id":53936,"href":"https:\/\/notitodo.com.mx\/wp\/wp-json\/wp\/v2\/posts\/53931\/revisions\/53936"}],"wp:featuredmedia":[{"embeddable":true,"href":"https:\/\/notitodo.com.mx\/wp\/wp-json\/wp\/v2\/media\/53933"}],"wp:attachment":[{"href":"https:\/\/notitodo.com.mx\/wp\/wp-json\/wp\/v2\/media?parent=53931"}],"wp:term":[{"taxonomy":"category","embeddable":true,"href":"https:\/\/notitodo.com.mx\/wp\/wp-json\/wp\/v2\/categories?post=53931"},{"taxonomy":"post_tag","embeddable":true,"href":"https:\/\/notitodo.com.mx\/wp\/wp-json\/wp\/v2\/tags?post=53931"}],"curies":[{"name":"wp","href":"https:\/\/api.w.org\/{rel}","templated":true}]}}