{"id":51791,"date":"2019-02-23T16:42:30","date_gmt":"2019-02-23T16:42:30","guid":{"rendered":"https:\/\/notitodo.com.mx\/wp\/?p=51791"},"modified":"2019-02-23T16:42:30","modified_gmt":"2019-02-23T16:42:30","slug":"trabajara-el-gobierno-de-chihuahua-bajo-un-esquema-de-coordinacion-con-la-guardia-nacional-fiscal","status":"publish","type":"post","link":"https:\/\/notitodo.com.mx\/wp\/trabajara-el-gobierno-de-chihuahua-bajo-un-esquema-de-coordinacion-con-la-guardia-nacional-fiscal\/","title":{"rendered":"Trabajar\u00e1 el Gobierno de Chihuahua bajo un esquema de coordinaci\u00f3n con la Guardia Nacional: Fiscal"},"content":{"rendered":"<p class=\"x_gmail-MsoNoSpacing\">Insiste en que debe haber una adecuada distribuci\u00f3n de recursos para fortalecer a las polic\u00edas municipales, por ser un factor en el esquema de seguridad p\u00fablica.<\/p>\n<p class=\"x_gmail-MsoNoSpacing\">\n<p class=\"x_gmail-MsoNoSpacing\">El fiscal General del Estado, C\u00e9sar Augusto Peniche Espejel, dio a conocer que se trabajar\u00e1 bajo un esquema de coordinaci\u00f3n con la nueva Guardia Nacional, particularmente con las fuerzas federales que tienen tareas espec\u00edficas en materia de seguridad p\u00fablica que debe cumplir.<\/p>\n<p class=\"x_gmail-MsoNoSpacing\">\n<p class=\"x_gmail-MsoNoSpacing\">Entre estas acciones, explic\u00f3, incluye el combate a la<\/p>\n<p><!--more--><\/p>\n<p class=\"x_gmail-MsoNoSpacing\">\u00a0delincuencia organizada y el tr\u00e1fico de estupefacientes.<\/p>\n<p class=\"x_gmail-MsoNoSpacing\">\n<p class=\"x_gmail-MsoNoSpacing\">Aclar\u00f3 que la Guardia Nacional no sustituir\u00e1 a las polic\u00edas estatales ni municipales, ya que cada una de estas instancias tiene su \u00e1mbito de competencias y atribuciones.<\/p>\n<p class=\"x_gmail-MsoNoSpacing\">\n<p class=\"x_gmail-MsoNoSpacing\">En Chihuahua, la nueva corporaci\u00f3n contar\u00e1 con 10 regiones, cada una tendr\u00e1 un estado de fuerza espec\u00edfico de acuerdo con las necesidades, por lo que se espera que su presencia tenga mayor impacto donde se genera la violencia por la siembra y cultivo de enervantes.<\/p>\n<p class=\"x_gmail-MsoNoSpacing\">\n<p class=\"x_gmail-MsoNoSpacing\">A la par, subray\u00f3 que insistir\u00e1n en que haya un equilibrio en la distribuci\u00f3n de los recursos, para fortalecer a las polic\u00edas municipales como un verdadero elemento o factor en el esquema de seguridad p\u00fablica.<\/p>\n<p class=\"x_gmail-MsoNoSpacing\">\n<p class=\"x_gmail-MsoNoSpacing\">Declar\u00f3 que es relevante que haya un marco jur\u00eddico para la actuaci\u00f3n de las fuerzas armadas, \u201ces un tema que hay que celebrar y desde luego que est\u00e9 a cargo un mando civil, ya que es una garant\u00eda de que las funciones de la Guardia Nacional no se apartar\u00e1n del inter\u00e9s social y de la preservaci\u00f3n de los derechos humanos\u201d.<\/p>\n<p class=\"x_gmail-MsoNoSpacing\">\n<p class=\"x_gmail-MsoNoSpacing\">Peniche dio a conocer que una vez que se desarrolle la Conferencia Nacional de Seguridad P\u00fablica, se dar\u00e1n a conocer m\u00e1s detalles sobre el despliegue de la Guardia Nacional y cu\u00e1ntos elementos efectivos dispondr\u00e1 para el estado de Chihuahua.<\/p>\n<p class=\"x_gmail-MsoNoSpacing\">\n","protected":false},"excerpt":{"rendered":"<p>Insiste en que debe haber una adecuada distribuci\u00f3n de recursos para fortalecer a las polic\u00edas municipales, por ser un factor en el esquema de seguridad p\u00fablica. El fiscal General del Estado, C\u00e9sar Augusto Peniche Espejel, dio a conocer que se trabajar\u00e1 bajo un esquema de coordinaci\u00f3n con la nueva Guardia Nacional, particularmente con las fuerzas [&hellip;]<\/p>\n","protected":false},"author":5,"featured_media":51793,"comment_status":"open","ping_status":"open","sticky":false,"template":"","format":"standard","meta":{"footnotes":""},"categories":[7],"tags":[],"class_list":["post-51791","post","type-post","status-publish","format-standard","has-post-thumbnail","hentry","category-estatales"],"views":29,"_links":{"self":[{"href":"https:\/\/notitodo.com.mx\/wp\/wp-json\/wp\/v2\/posts\/51791","targetHints":{"allow":["GET"]}}],"collection":[{"href":"https:\/\/notitodo.com.mx\/wp\/wp-json\/wp\/v2\/posts"}],"about":[{"href":"https:\/\/notitodo.com.mx\/wp\/wp-json\/wp\/v2\/types\/post"}],"author":[{"embeddable":true,"href":"https:\/\/notitodo.com.mx\/wp\/wp-json\/wp\/v2\/users\/5"}],"replies":[{"embeddable":true,"href":"https:\/\/notitodo.com.mx\/wp\/wp-json\/wp\/v2\/comments?post=51791"}],"version-history":[{"count":1,"href":"https:\/\/notitodo.com.mx\/wp\/wp-json\/wp\/v2\/posts\/51791\/revisions"}],"predecessor-version":[{"id":51794,"href":"https:\/\/notitodo.com.mx\/wp\/wp-json\/wp\/v2\/posts\/51791\/revisions\/51794"}],"wp:featuredmedia":[{"embeddable":true,"href":"https:\/\/notitodo.com.mx\/wp\/wp-json\/wp\/v2\/media\/51793"}],"wp:attachment":[{"href":"https:\/\/notitodo.com.mx\/wp\/wp-json\/wp\/v2\/media?parent=51791"}],"wp:term":[{"taxonomy":"category","embeddable":true,"href":"https:\/\/notitodo.com.mx\/wp\/wp-json\/wp\/v2\/categories?post=51791"},{"taxonomy":"post_tag","embeddable":true,"href":"https:\/\/notitodo.com.mx\/wp\/wp-json\/wp\/v2\/tags?post=51791"}],"curies":[{"name":"wp","href":"https:\/\/api.w.org\/{rel}","templated":true}]}}