{"id":51563,"date":"2019-02-22T05:49:46","date_gmt":"2019-02-22T05:49:46","guid":{"rendered":"https:\/\/notitodo.com.mx\/wp\/?p=51563"},"modified":"2019-02-22T05:49:46","modified_gmt":"2019-02-22T05:49:46","slug":"obtiene-primaria-luis-urias-belderrain-primer-lugar-en-concurso-regional-de-escoltas-de-bandera","status":"publish","type":"post","link":"https:\/\/notitodo.com.mx\/wp\/obtiene-primaria-luis-urias-belderrain-primer-lugar-en-concurso-regional-de-escoltas-de-bandera\/","title":{"rendered":"Obtiene Primaria \u201cLuis Ur\u00edas Belderr\u00e1in\u201d primer lugar  en Concurso Regional de Escoltas de Bandera"},"content":{"rendered":"<p>El plantel representar\u00e1 a la Regi\u00f3n Centro en la competencia estatal en la ciudad de Chihuahua el 5 de marzo.<\/p>\n<p>** Actividades que buscan fomentar y fortalecer entre la ni\u00f1ez y la juventud el amor y el respeto a por los s\u00edmbolos patrios.<\/p>\n<p>La Escuela \u201cLuis Ur\u00edas Belderr\u00e1in\u201d obtuvo el primer lugar en el Concurso Regional de Escoltas de Bandera del Nivel Primaria, por lo que representar\u00e1 a la Regi\u00f3n Centro durante el encuentro estatal que se efectuar\u00e1 el 5 de marzo en la ciudad de Chihuahua.<\/p>\n<p>El evento fue organizado por la Secretar\u00eda de Educaci\u00f3n y Deporte, a trav\u00e9s de la Direcci\u00f3n de Educaci\u00f3n B\u00e1sica, con la finalidad de<\/p>\n<p><!--more--><\/p>\n<p>fomentar y fortalecer entre la ni\u00f1ez y la juventud el amor y respeto por los s\u00edmbolos patrios, adem\u00e1s de dar muestra de sus destrezas, a trav\u00e9s de las habilidades motrices y c\u00edvicas.<\/p>\n<p>La competencia se llev\u00f3 a cabo en las instalaciones de la Escuela \u201cLuis Ur\u00edas Belderr\u00e1in\u201d, con la participaci\u00f3n de 110 estudiantes distribuidos en 14 escoltas de las zonas escolares que integran la Regi\u00f3n Centro, tanto de planteles p\u00fablicos como particulares.<\/p>\n<p>Durante el concurso, el cuerpo de jurados evalu\u00f3 diversos aspectos en las escoltas participantes, como precisi\u00f3n de movimientos, voz de mando, conducci\u00f3n de Bandera, y cadencia de paso, entre otros.<\/p>\n<p>La escuela anfitriona consigui\u00f3 el primer lugar, y con ello la responsabilidad de poner en alto a la Regi\u00f3n Centro en la contienda estatal, mientras que la segunda y tercera posici\u00f3n, fueron para el Instituto Am\u00e9rica y la Primaria \u201cAdolfo L\u00f3pez Mateos\u201d, respectivamente.<\/p>\n","protected":false},"excerpt":{"rendered":"<p>El plantel representar\u00e1 a la Regi\u00f3n Centro en la competencia estatal en la ciudad de Chihuahua el 5 de marzo. ** Actividades que buscan fomentar y fortalecer entre la ni\u00f1ez y la juventud el amor y el respeto a por los s\u00edmbolos patrios. La Escuela \u201cLuis Ur\u00edas Belderr\u00e1in\u201d obtuvo el primer lugar en el Concurso [&hellip;]<\/p>\n","protected":false},"author":5,"featured_media":51565,"comment_status":"open","ping_status":"open","sticky":false,"template":"","format":"standard","meta":{"footnotes":""},"categories":[15],"tags":[],"class_list":["post-51563","post","type-post","status-publish","format-standard","has-post-thumbnail","hentry","category-educacion"],"views":3,"_links":{"self":[{"href":"https:\/\/notitodo.com.mx\/wp\/wp-json\/wp\/v2\/posts\/51563","targetHints":{"allow":["GET"]}}],"collection":[{"href":"https:\/\/notitodo.com.mx\/wp\/wp-json\/wp\/v2\/posts"}],"about":[{"href":"https:\/\/notitodo.com.mx\/wp\/wp-json\/wp\/v2\/types\/post"}],"author":[{"embeddable":true,"href":"https:\/\/notitodo.com.mx\/wp\/wp-json\/wp\/v2\/users\/5"}],"replies":[{"embeddable":true,"href":"https:\/\/notitodo.com.mx\/wp\/wp-json\/wp\/v2\/comments?post=51563"}],"version-history":[{"count":1,"href":"https:\/\/notitodo.com.mx\/wp\/wp-json\/wp\/v2\/posts\/51563\/revisions"}],"predecessor-version":[{"id":51566,"href":"https:\/\/notitodo.com.mx\/wp\/wp-json\/wp\/v2\/posts\/51563\/revisions\/51566"}],"wp:featuredmedia":[{"embeddable":true,"href":"https:\/\/notitodo.com.mx\/wp\/wp-json\/wp\/v2\/media\/51565"}],"wp:attachment":[{"href":"https:\/\/notitodo.com.mx\/wp\/wp-json\/wp\/v2\/media?parent=51563"}],"wp:term":[{"taxonomy":"category","embeddable":true,"href":"https:\/\/notitodo.com.mx\/wp\/wp-json\/wp\/v2\/categories?post=51563"},{"taxonomy":"post_tag","embeddable":true,"href":"https:\/\/notitodo.com.mx\/wp\/wp-json\/wp\/v2\/tags?post=51563"}],"curies":[{"name":"wp","href":"https:\/\/api.w.org\/{rel}","templated":true}]}}