{"id":51350,"date":"2019-02-11T18:15:37","date_gmt":"2019-02-11T18:15:37","guid":{"rendered":"https:\/\/notitodo.com.mx\/wp\/?p=51350"},"modified":"2019-02-11T18:15:37","modified_gmt":"2019-02-11T18:15:37","slug":"se-enviara-carta-a-amlo-con-inconformidad-por-adjudicacion-de-fondo-minero-gobernador","status":"publish","type":"post","link":"https:\/\/notitodo.com.mx\/wp\/se-enviara-carta-a-amlo-con-inconformidad-por-adjudicacion-de-fondo-minero-gobernador\/","title":{"rendered":"SE ENVIAR\u00c1 CARTA A AMLO CON INCONFORMIDAD POR ADJUDICACI\u00d3N DE FONDO MINERO: GOBERNADOR"},"content":{"rendered":"<p>El gobernador Javier Corral adelant\u00f3 que enviar\u00e1 una carta al presidente de M\u00e9xico, Andr\u00e9s Manuel L\u00f3pez Obrador, para manifestarle la inconformidad que existe respecto a la decisi\u00f3n de que el Gobierno Federal, se adjudique los recursos emanados del Fondo Minero.<\/p>\n<p>Dijo que hay un exceso y un abuso de la Federaci\u00f3n, que trata de \u201cagandallarse\u201d este Fondo tambi\u00e9n, para destinarlo a los programas prioritarios del presidente, \u201chay una tendencia en el nuevo gobierno a la concentraci\u00f3n de funciones, de programas y de recursos, en dem\u00e9rito del desarrollo regional\u201d.<\/p>\n<p>Luego de sostener una reuni\u00f3n con alcaldes de 20 municipios la tarde de este s\u00e1bado, el titular del Ejecutivo estatal y los mun\u00edcipes, acordaron interponer una<\/p>\n<p><!--more--><\/p>\n<p>controversia constitucional, para pedir que se respeten las reglas de operaci\u00f3n de este Fondo, las cuales se modificaron para reorientarlo a otros fines.<\/p>\n<p>En entrevista con medios de comunicaci\u00f3n locales, el Gobernador Corral consider\u00f3 que se trata de una apuesta equivocada la que est\u00e1 haciendo el Presidente de la Rep\u00fablica y espera que tenga sensibilidad y est\u00e9 consciente de que a los recortes aplicados a estados y municipios, no se sume esta nueva decisi\u00f3n.<\/p>\n<p>\u201cPorque va en contra de los objetivos para los que estuvo constituido este Fondo, que se le llam\u00f3 Fondo para el Desarrollo Sustentable de Estados y Municipios Mineros; quiere entregarlo directamente el Gobierno Federal, a trav\u00e9s de tandas para financiar microcr\u00e9ditos de 6 mil pesos a las personas\u201d, explic\u00f3.<\/p>\n<p>Manifest\u00f3 que los programas de desarrollo social son importantes, pero que el presupuesto debe tener un equilibrio, pues no se puede basar solo en transferencias de dinero a las personas.<\/p>\n<p>\u201cTiene que haber apoyo a la infraestructura, es lo que se queda a las comunidades. A veces la gente ni siquiera se gasta los microcr\u00e9ditos en lo que podr\u00eda ser un proyecto productivo, con 6 mil pesos es muy dif\u00edcil pensar en algo mayor\u201d, mencion\u00f3 el mandatario estatal.<\/p>\n<p>Reiter\u00f3 que este tema, est\u00e1 m\u00e1s orientado a un mecanismo de car\u00e1cter clientelar, en esta din\u00e1mica de formaci\u00f3n o de construcci\u00f3n de una base de apoyo popular para el nuevo gobierno, lo cual se\u00f1al\u00f3, tiene derecho a hacerlo, \u201ca lo que no se tiene derecho, es a seguir sacrificando el desarrollo y el crecimiento econ\u00f3mico del pa\u00eds a trav\u00e9s de infraestructura\u201d, sostuvo.<\/p>\n<p>Corral afirm\u00f3 que en este tema la Constituci\u00f3n est\u00e1 a favor del Gobierno de Chihuahua y de los ayuntamientos y que con argumentos jur\u00eddicos defender\u00e1n este Fondo, que impacta directamente en casi 350 millones de pesos al a\u00f1o.<\/p>\n<p>\u201cEsperamos que se sumen otros estados y muchos m\u00e1s presidentes municipales, nuestra decisi\u00f3n de anunciarlo ya, tiene que ver con el l\u00edmite legal del plazo para poder presentar como actores de esa acci\u00f3n de constitucionalidad\u201d, puntualiz\u00f3.<\/p>\n<p>Esta situaci\u00f3n, agreg\u00f3, no solo es del estado de Chihuahua, pues el gobernador de Zacatecas tambi\u00e9n ir\u00e1 por la controversia.<\/p>\n","protected":false},"excerpt":{"rendered":"<p>El gobernador Javier Corral adelant\u00f3 que enviar\u00e1 una carta al presidente de M\u00e9xico, Andr\u00e9s Manuel L\u00f3pez Obrador, para manifestarle la inconformidad que existe respecto a la decisi\u00f3n de que el Gobierno Federal, se adjudique los recursos emanados del Fondo Minero. Dijo que hay un exceso y un abuso de la Federaci\u00f3n, que trata de \u201cagandallarse\u201d [&hellip;]<\/p>\n","protected":false},"author":5,"featured_media":51352,"comment_status":"open","ping_status":"open","sticky":false,"template":"","format":"standard","meta":{"footnotes":""},"categories":[7],"tags":[],"class_list":["post-51350","post","type-post","status-publish","format-standard","has-post-thumbnail","hentry","category-estatales"],"views":28,"_links":{"self":[{"href":"https:\/\/notitodo.com.mx\/wp\/wp-json\/wp\/v2\/posts\/51350","targetHints":{"allow":["GET"]}}],"collection":[{"href":"https:\/\/notitodo.com.mx\/wp\/wp-json\/wp\/v2\/posts"}],"about":[{"href":"https:\/\/notitodo.com.mx\/wp\/wp-json\/wp\/v2\/types\/post"}],"author":[{"embeddable":true,"href":"https:\/\/notitodo.com.mx\/wp\/wp-json\/wp\/v2\/users\/5"}],"replies":[{"embeddable":true,"href":"https:\/\/notitodo.com.mx\/wp\/wp-json\/wp\/v2\/comments?post=51350"}],"version-history":[{"count":1,"href":"https:\/\/notitodo.com.mx\/wp\/wp-json\/wp\/v2\/posts\/51350\/revisions"}],"predecessor-version":[{"id":51353,"href":"https:\/\/notitodo.com.mx\/wp\/wp-json\/wp\/v2\/posts\/51350\/revisions\/51353"}],"wp:featuredmedia":[{"embeddable":true,"href":"https:\/\/notitodo.com.mx\/wp\/wp-json\/wp\/v2\/media\/51352"}],"wp:attachment":[{"href":"https:\/\/notitodo.com.mx\/wp\/wp-json\/wp\/v2\/media?parent=51350"}],"wp:term":[{"taxonomy":"category","embeddable":true,"href":"https:\/\/notitodo.com.mx\/wp\/wp-json\/wp\/v2\/categories?post=51350"},{"taxonomy":"post_tag","embeddable":true,"href":"https:\/\/notitodo.com.mx\/wp\/wp-json\/wp\/v2\/tags?post=51350"}],"curies":[{"name":"wp","href":"https:\/\/api.w.org\/{rel}","templated":true}]}}