{"id":51281,"date":"2019-02-10T21:38:10","date_gmt":"2019-02-10T21:38:10","guid":{"rendered":"https:\/\/notitodo.com.mx\/wp\/?p=51281"},"modified":"2019-02-10T21:38:10","modified_gmt":"2019-02-10T21:38:10","slug":"entrega-odontologia-reconocimientos-a-personal-destacado","status":"publish","type":"post","link":"https:\/\/notitodo.com.mx\/wp\/entrega-odontologia-reconocimientos-a-personal-destacado\/","title":{"rendered":"Entrega Odontolog\u00eda reconocimientos a personal destacado"},"content":{"rendered":"<p>Como parte de los festejos por el D\u00eda del Odont\u00f3logo, la Facultad de Odontolog\u00eda de la UACH entreg\u00f3 reconocimientos al personal acad\u00e9mico y administrativo que se destac\u00f3 en el cumplimiento de los objetivos institucionales, a trav\u00e9s de una ceremonia que se llev\u00f3 a cabo en el auditorio de la unidad acad\u00e9mica.<\/p>\n<p>En el evento el rector de la UACH, M.E. Luis Alberto Fierro Ram\u00edrez, felicit\u00f3 a todo el personal a la vez que reconoci\u00f3 el nivel acad\u00e9mico de la facultad, la cual dijo est\u00e1 muy por encima de otras instituciones del pa\u00eds, de acuerdo a los resultados del examen Egel que aplica Ceneval.<\/p>\n<p>Por su parte el director de la facultad, Dr. Gerardo Bueno Acu\u00f1a, hizo una remembranza hist\u00f3rica del origen del D\u00eda del Odont\u00f3logo, recordando a su<\/p>\n<p><!--more--><\/p>\n<p>patrona Santa Apolonia, quien fuera martirizada por sus creencias religiosas quit\u00e1ndole sus piezas dentales.<\/p>\n<p>El personal administrativo reconocido fue la Dra. Sandra Aide\u00e9 Santana Delgado, Dra. Ver\u00f3nica Oropeza Ruiz, Lic. Eunice Salgado Torres, C\u00e9sar Augusto Camacho Ramos, Dra. Rosa Margarita Aguilar Madrigal, Dra. Karla Cristina Puente Mart\u00ednez, C. Mar\u00eda Cristina Luj\u00e1n Adam y la C. Georgina Valois Arrellanes.<\/p>\n<p>Los maestros distinguidos en esta ceremonia por su desempe\u00f1o acad\u00e9mico fueron la Dra. Daniela Muela Campos, el Dr. Adolfo Gonz\u00e1lez Acosta y la Dra. Julieta Colomo Ramos. Al finalizar el evento protocolario se comparti\u00f3 el tradicional pastel donde docentes, estudiantes y personal administrativo pasaron un momento agradable.<\/p>\n","protected":false},"excerpt":{"rendered":"<p>Como parte de los festejos por el D\u00eda del Odont\u00f3logo, la Facultad de Odontolog\u00eda de la UACH entreg\u00f3 reconocimientos al personal acad\u00e9mico y administrativo que se destac\u00f3 en el cumplimiento de los objetivos institucionales, a trav\u00e9s de una ceremonia que se llev\u00f3 a cabo en el auditorio de la unidad acad\u00e9mica. En el evento el [&hellip;]<\/p>\n","protected":false},"author":5,"featured_media":51283,"comment_status":"open","ping_status":"open","sticky":false,"template":"","format":"standard","meta":{"footnotes":""},"categories":[9],"tags":[],"class_list":["post-51281","post","type-post","status-publish","format-standard","has-post-thumbnail","hentry","category-locales"],"views":3,"_links":{"self":[{"href":"https:\/\/notitodo.com.mx\/wp\/wp-json\/wp\/v2\/posts\/51281","targetHints":{"allow":["GET"]}}],"collection":[{"href":"https:\/\/notitodo.com.mx\/wp\/wp-json\/wp\/v2\/posts"}],"about":[{"href":"https:\/\/notitodo.com.mx\/wp\/wp-json\/wp\/v2\/types\/post"}],"author":[{"embeddable":true,"href":"https:\/\/notitodo.com.mx\/wp\/wp-json\/wp\/v2\/users\/5"}],"replies":[{"embeddable":true,"href":"https:\/\/notitodo.com.mx\/wp\/wp-json\/wp\/v2\/comments?post=51281"}],"version-history":[{"count":1,"href":"https:\/\/notitodo.com.mx\/wp\/wp-json\/wp\/v2\/posts\/51281\/revisions"}],"predecessor-version":[{"id":51284,"href":"https:\/\/notitodo.com.mx\/wp\/wp-json\/wp\/v2\/posts\/51281\/revisions\/51284"}],"wp:featuredmedia":[{"embeddable":true,"href":"https:\/\/notitodo.com.mx\/wp\/wp-json\/wp\/v2\/media\/51283"}],"wp:attachment":[{"href":"https:\/\/notitodo.com.mx\/wp\/wp-json\/wp\/v2\/media?parent=51281"}],"wp:term":[{"taxonomy":"category","embeddable":true,"href":"https:\/\/notitodo.com.mx\/wp\/wp-json\/wp\/v2\/categories?post=51281"},{"taxonomy":"post_tag","embeddable":true,"href":"https:\/\/notitodo.com.mx\/wp\/wp-json\/wp\/v2\/tags?post=51281"}],"curies":[{"name":"wp","href":"https:\/\/api.w.org\/{rel}","templated":true}]}}