{"id":50947,"date":"2019-01-26T00:34:22","date_gmt":"2019-01-26T00:34:22","guid":{"rendered":"https:\/\/notitodo.com.mx\/wp\/?p=50947"},"modified":"2019-01-26T00:34:22","modified_gmt":"2019-01-26T00:34:22","slug":"participaran-brasilenas-en-taller-de-formacion-de-emprendedores-de-la-uach","status":"publish","type":"post","link":"https:\/\/notitodo.com.mx\/wp\/participaran-brasilenas-en-taller-de-formacion-de-emprendedores-de-la-uach\/","title":{"rendered":"Participar\u00e1n brasile\u00f1as en Taller de Formaci\u00f3n de Emprendedores de la UACH"},"content":{"rendered":"<p class=\"x_MsoNormal\">Debido al arranque del nuevo periodo escolar, la comunidad universitaria recibe estudiantes de otros estados y pa\u00edses que aprovechan los programas de movilidad. En d\u00edas pasados arribaron a la ciudad tres alumnas de origen brasile\u00f1o que adem\u00e1s de cursar un semestre en la Universidad Aut\u00f3noma de Chihuahua, participar\u00e1n en el Programa de Validaci\u00f3n de Ideas de Negocio de la propia UACH.<\/p>\n<p class=\"x_MsoNormal\">Las tres j\u00f3venes estudiantes Amanda Haifuk, Karyny Rodio y Ana Carolina Panisson representan a la Universidad del Suroeste de Santa Catarina, Brasil, y adem\u00e1s de cursar materias en la Facultad de Ingenier\u00eda y en Faciatec, acudir\u00e1n al Centro de Innovaci\u00f3n y Emprendimiento Tecnol\u00f3gico, donde participar\u00e1n en este taller de formaci\u00f3n a emprendedores.<\/p>\n<p class=\"x_MsoNormal\">Cada una cuenta con una idea diferente de proyecto tecnol\u00f3gico que desea desarrollar con la tutela de los expertos de la UACH, para luego implementar en su<\/p>\n<p><!--more--><\/p>\n<p class=\"x_MsoNormal\">\u00a0pa\u00eds de origen. Cabe mencionar que esta es la primera actividad de colaboraci\u00f3n de tal naturaleza entre ambas instituciones acad\u00e9micas, y son las primeras estudiantes que acuden desde fuera de M\u00e9xico a participar en las actividades del CIET.<\/p>\n<p class=\"x_MsoNormal\">Durante una reuni\u00f3n de presentaci\u00f3n, las alumnas fueron recibidas por los maestros Miguel \u00c1ngel L\u00f3pez Santill\u00e1n, director del Centro, y C\u00e9sar Guti\u00e9rrez, Coordinador de Servicios Internacionales, adem\u00e1s de los catedr\u00e1ticos Fernando Ledezma y Fernanda Hern\u00e1ndez, que trabajar\u00e1n directamente con las j\u00f3venes durante el periodo de su participaci\u00f3n en el programa.<\/p>\n<p class=\"x_MsoNormal\">Para m\u00e1s informaci\u00f3n sobre el CIET y sus talleres de emprendedores, se puede acudir a sus instalaciones en el Campus 1 de la UACH o llamar al (614) 238 2090. Para opciones de movilidad est\u00e1 la oficina de Servicios Internacionales en el (614) 238 2079.<\/p>\n","protected":false},"excerpt":{"rendered":"<p>Debido al arranque del nuevo periodo escolar, la comunidad universitaria recibe estudiantes de otros estados y pa\u00edses que aprovechan los programas de movilidad. En d\u00edas pasados arribaron a la ciudad tres alumnas de origen brasile\u00f1o que adem\u00e1s de cursar un semestre en la Universidad Aut\u00f3noma de Chihuahua, participar\u00e1n en el Programa de Validaci\u00f3n de Ideas [&hellip;]<\/p>\n","protected":false},"author":5,"featured_media":50949,"comment_status":"open","ping_status":"open","sticky":false,"template":"","format":"standard","meta":{"footnotes":""},"categories":[15],"tags":[],"class_list":["post-50947","post","type-post","status-publish","format-standard","has-post-thumbnail","hentry","category-educacion"],"views":4,"_links":{"self":[{"href":"https:\/\/notitodo.com.mx\/wp\/wp-json\/wp\/v2\/posts\/50947","targetHints":{"allow":["GET"]}}],"collection":[{"href":"https:\/\/notitodo.com.mx\/wp\/wp-json\/wp\/v2\/posts"}],"about":[{"href":"https:\/\/notitodo.com.mx\/wp\/wp-json\/wp\/v2\/types\/post"}],"author":[{"embeddable":true,"href":"https:\/\/notitodo.com.mx\/wp\/wp-json\/wp\/v2\/users\/5"}],"replies":[{"embeddable":true,"href":"https:\/\/notitodo.com.mx\/wp\/wp-json\/wp\/v2\/comments?post=50947"}],"version-history":[{"count":1,"href":"https:\/\/notitodo.com.mx\/wp\/wp-json\/wp\/v2\/posts\/50947\/revisions"}],"predecessor-version":[{"id":50950,"href":"https:\/\/notitodo.com.mx\/wp\/wp-json\/wp\/v2\/posts\/50947\/revisions\/50950"}],"wp:featuredmedia":[{"embeddable":true,"href":"https:\/\/notitodo.com.mx\/wp\/wp-json\/wp\/v2\/media\/50949"}],"wp:attachment":[{"href":"https:\/\/notitodo.com.mx\/wp\/wp-json\/wp\/v2\/media?parent=50947"}],"wp:term":[{"taxonomy":"category","embeddable":true,"href":"https:\/\/notitodo.com.mx\/wp\/wp-json\/wp\/v2\/categories?post=50947"},{"taxonomy":"post_tag","embeddable":true,"href":"https:\/\/notitodo.com.mx\/wp\/wp-json\/wp\/v2\/tags?post=50947"}],"curies":[{"name":"wp","href":"https:\/\/api.w.org\/{rel}","templated":true}]}}