{"id":50463,"date":"2019-01-22T19:05:26","date_gmt":"2019-01-22T19:05:26","guid":{"rendered":"https:\/\/notitodo.com.mx\/wp\/?p=50463"},"modified":"2019-01-22T19:05:26","modified_gmt":"2019-01-22T19:05:26","slug":"entrega-desarrollo-social-apoyos-en-especie-a-habitantes-de-casa-del-estudiante-indigena-de-carichi-que-se-incendio-en-2018","status":"publish","type":"post","link":"https:\/\/notitodo.com.mx\/wp\/entrega-desarrollo-social-apoyos-en-especie-a-habitantes-de-casa-del-estudiante-indigena-de-carichi-que-se-incendio-en-2018\/","title":{"rendered":"ENTREGA DESARROLLO SOCIAL APOYOS EN ESPECIE A HABITANTES DE \u201cCASA DEL ESTUDIANTE IND\u00cdGENA\u201d DE CARICH\u00cd, QUE SE INCENDI\u00d3 EN 2018"},"content":{"rendered":"<p>La Secretar\u00eda de Desarrollo Social hizo entrega de 100 despensas, 27 colchonetas, 106 cobijas y 13 literas con colchones, a la Casa del Estudiante Ind\u00edgena del municipio de Carich\u00ed, que se incendi\u00f3 en el mes de noviembre de 2018.<\/p>\n<p>Lo anterior, a fin de equipar el nuevo edificio que se encuentra en proceso de construcci\u00f3n, y el cual se estima que en un lapso de entre 3 y 4 meses se encuentre listo para ser utilizado por las y los j\u00f3venes de dicho albergue, a cargo de Servicios Educativos del Estado de Chihuahua (SEECH), como parte del Departamento de Educaci\u00f3n Ind\u00edgena.<\/p>\n<p>Actualmente se asisten en esta Casa del Estudiante Ind\u00edgena, 53 j\u00f3venes, de los cuales 26 son mujeres y 27 hombres de entre 12 y 19 a\u00f1os de edad, quienes cursan la secundaria o asisten al Colegio de Estudios Cient\u00edficos y Tecnol\u00f3gicos del Estado de Chihuahua Emsad 04 (CeCyTech).<\/p>\n<p>Seg\u00fan el peritaje, la causa del incendio fue un corto que se inici\u00f3 en las instalaciones el\u00e9ctricas del \u00e1rea del dormitorio de varones, lo que result\u00f3 en la<\/p>\n<p><!--more--><\/p>\n<p>p\u00e9rdida total del inmueble, ya que el fuego consumi\u00f3 la cocina, comedor, dormitorio de hombres y parte del dormitorio de las mujeres, sin embargo las y los j\u00f3venes y el personal de la casa no sufrieron da\u00f1o alguno, gracias al r\u00e1pido y oportuno desalojo.<\/p>\n<p>Clara Erika Holgu\u00edn Molina, supervisora de la zona n\u00famero 26 de Carich\u00ed, inform\u00f3 que en CeCyTech se encuentran de vacaciones, sin embargo, dijo, las clases en secundaria ya iniciaron, por lo que las y los alumnos se hospedan de momento en un albergue municipal, destinado a personas que visitan la regi\u00f3n temporalmente.<\/p>\n<p>La supervisora indic\u00f3 que la misma noche del siniestro, la Secretar\u00eda de Desarrollo Social otorg\u00f3 el primer apoyo, consistente en ropa para las y los j\u00f3venes que resultaron afectados, y a partir de esa fecha, dijo, han estado recibiendo el apoyo de la sociedad en general, as\u00ed como de otras instituciones como la Presidencia Municipal y el DIF Municipal, con la entrega de despensas, asimismo, de la Secretar\u00eda de Educaci\u00f3n y Deporte, con uniformes y ropa, entre otros.<\/p>\n","protected":false},"excerpt":{"rendered":"<p>La Secretar\u00eda de Desarrollo Social hizo entrega de 100 despensas, 27 colchonetas, 106 cobijas y 13 literas con colchones, a la Casa del Estudiante Ind\u00edgena del municipio de Carich\u00ed, que se incendi\u00f3 en el mes de noviembre de 2018. Lo anterior, a fin de equipar el nuevo edificio que se encuentra en proceso de construcci\u00f3n, [&hellip;]<\/p>\n","protected":false},"author":5,"featured_media":50465,"comment_status":"open","ping_status":"open","sticky":false,"template":"","format":"standard","meta":{"footnotes":""},"categories":[7],"tags":[],"class_list":["post-50463","post","type-post","status-publish","format-standard","has-post-thumbnail","hentry","category-estatales"],"views":4,"_links":{"self":[{"href":"https:\/\/notitodo.com.mx\/wp\/wp-json\/wp\/v2\/posts\/50463","targetHints":{"allow":["GET"]}}],"collection":[{"href":"https:\/\/notitodo.com.mx\/wp\/wp-json\/wp\/v2\/posts"}],"about":[{"href":"https:\/\/notitodo.com.mx\/wp\/wp-json\/wp\/v2\/types\/post"}],"author":[{"embeddable":true,"href":"https:\/\/notitodo.com.mx\/wp\/wp-json\/wp\/v2\/users\/5"}],"replies":[{"embeddable":true,"href":"https:\/\/notitodo.com.mx\/wp\/wp-json\/wp\/v2\/comments?post=50463"}],"version-history":[{"count":1,"href":"https:\/\/notitodo.com.mx\/wp\/wp-json\/wp\/v2\/posts\/50463\/revisions"}],"predecessor-version":[{"id":50466,"href":"https:\/\/notitodo.com.mx\/wp\/wp-json\/wp\/v2\/posts\/50463\/revisions\/50466"}],"wp:featuredmedia":[{"embeddable":true,"href":"https:\/\/notitodo.com.mx\/wp\/wp-json\/wp\/v2\/media\/50465"}],"wp:attachment":[{"href":"https:\/\/notitodo.com.mx\/wp\/wp-json\/wp\/v2\/media?parent=50463"}],"wp:term":[{"taxonomy":"category","embeddable":true,"href":"https:\/\/notitodo.com.mx\/wp\/wp-json\/wp\/v2\/categories?post=50463"},{"taxonomy":"post_tag","embeddable":true,"href":"https:\/\/notitodo.com.mx\/wp\/wp-json\/wp\/v2\/tags?post=50463"}],"curies":[{"name":"wp","href":"https:\/\/api.w.org\/{rel}","templated":true}]}}