{"id":49623,"date":"2019-01-11T04:13:58","date_gmt":"2019-01-11T04:13:58","guid":{"rendered":"https:\/\/notitodo.com.mx\/wp\/?p=49623"},"modified":"2019-01-11T04:13:58","modified_gmt":"2019-01-11T04:13:58","slug":"continua-registro-de-personas-mayores-en-programa-alerta-plateada-que-facilita-su-localizacion-en-caso-de-extravio","status":"publish","type":"post","link":"https:\/\/notitodo.com.mx\/wp\/continua-registro-de-personas-mayores-en-programa-alerta-plateada-que-facilita-su-localizacion-en-caso-de-extravio\/","title":{"rendered":"CONTIN\u00daA REGISTRO DE PERSONAS MAYORES EN PROGRAMA \u201cALERTA PLATEADA\u201d QUE FACILITA SU LOCALIZACI\u00d3N EN CASO DE EXTRAV\u00cdO"},"content":{"rendered":"<p>La Secretar\u00eda de Desarrollo Social, inform\u00f3 que como parte del programa \u201cAlerta Plateada\u201d, cuya finalidad es facilitar y agilizar la localizaci\u00f3n de personas mayores en caso de extrav\u00edo, se cuenta a la fecha con 101 registros. en el programa \u201cAlerta Plateada\u201d, que tiene la finalidad de facilitar localizaci\u00f3n en caso de extrav\u00edo, por lo que hizo extensiva la invitaci\u00f3n a inscribirse.<\/p>\n<p>Este programa de la Secretar\u00eda de Desarrollo Social, opera en coordinaci\u00f3n con la Fiscal\u00eda General del Estado, mediante la colocaci\u00f3n de una pulsera que contiene un c\u00f3digo de identificaci\u00f3n \u00fanico a quienes lo soliciten, por ser susceptibles de perderse, debido a alg\u00fan padecimiento o fallas en su memoria.<\/p>\n<p>Las personas interesadas pueden acercarse a la Direcci\u00f3n de Grupos Vulnerables y Prevenci\u00f3n a la Discriminaci\u00f3n, ubicada en<\/p>\n<p><!--more--><\/p>\n<p>calle G\u00f3mez Mor\u00edn n\u00famero 2709, colonia Santo Ni\u00f1o.<\/p>\n<p>En caso de extrav\u00edo, los familiares podr\u00e1n reportar a la persona ausente, a los n\u00fameros de emergencia, para que se active la \u201cAlerta Plateada\u201d y que se emitan de inmediato, las alertas correspondientes, mediante las cuentas oficiales de Facebook: AlertaPlateadaChihuahua y Twitter: @alertaplateada1, y que \u00e9sta sea localizada a la brevedad posible.<\/p>\n<p>Para mayores informes, comunicarse a los tel\u00e9fonos (614) 2031896 y (614) 4050880.<\/p>\n","protected":false},"excerpt":{"rendered":"<p>La Secretar\u00eda de Desarrollo Social, inform\u00f3 que como parte del programa \u201cAlerta Plateada\u201d, cuya finalidad es facilitar y agilizar la localizaci\u00f3n de personas mayores en caso de extrav\u00edo, se cuenta a la fecha con 101 registros. en el programa \u201cAlerta Plateada\u201d, que tiene la finalidad de facilitar localizaci\u00f3n en caso de extrav\u00edo, por lo que [&hellip;]<\/p>\n","protected":false},"author":5,"featured_media":49626,"comment_status":"open","ping_status":"open","sticky":false,"template":"","format":"standard","meta":{"footnotes":""},"categories":[7],"tags":[],"class_list":["post-49623","post","type-post","status-publish","format-standard","has-post-thumbnail","hentry","category-estatales"],"views":20,"_links":{"self":[{"href":"https:\/\/notitodo.com.mx\/wp\/wp-json\/wp\/v2\/posts\/49623","targetHints":{"allow":["GET"]}}],"collection":[{"href":"https:\/\/notitodo.com.mx\/wp\/wp-json\/wp\/v2\/posts"}],"about":[{"href":"https:\/\/notitodo.com.mx\/wp\/wp-json\/wp\/v2\/types\/post"}],"author":[{"embeddable":true,"href":"https:\/\/notitodo.com.mx\/wp\/wp-json\/wp\/v2\/users\/5"}],"replies":[{"embeddable":true,"href":"https:\/\/notitodo.com.mx\/wp\/wp-json\/wp\/v2\/comments?post=49623"}],"version-history":[{"count":1,"href":"https:\/\/notitodo.com.mx\/wp\/wp-json\/wp\/v2\/posts\/49623\/revisions"}],"predecessor-version":[{"id":49627,"href":"https:\/\/notitodo.com.mx\/wp\/wp-json\/wp\/v2\/posts\/49623\/revisions\/49627"}],"wp:featuredmedia":[{"embeddable":true,"href":"https:\/\/notitodo.com.mx\/wp\/wp-json\/wp\/v2\/media\/49626"}],"wp:attachment":[{"href":"https:\/\/notitodo.com.mx\/wp\/wp-json\/wp\/v2\/media?parent=49623"}],"wp:term":[{"taxonomy":"category","embeddable":true,"href":"https:\/\/notitodo.com.mx\/wp\/wp-json\/wp\/v2\/categories?post=49623"},{"taxonomy":"post_tag","embeddable":true,"href":"https:\/\/notitodo.com.mx\/wp\/wp-json\/wp\/v2\/tags?post=49623"}],"curies":[{"name":"wp","href":"https:\/\/api.w.org\/{rel}","templated":true}]}}