{"id":49438,"date":"2019-01-08T23:31:32","date_gmt":"2019-01-08T23:31:32","guid":{"rendered":"https:\/\/notitodo.com.mx\/wp\/?p=49438"},"modified":"2019-01-08T23:31:32","modified_gmt":"2019-01-08T23:31:32","slug":"anticipa-corral-que-debe-corregirse-el-modelo-que-institucionaliza-el-mando-militar-en-seguridad-publica","status":"publish","type":"post","link":"https:\/\/notitodo.com.mx\/wp\/anticipa-corral-que-debe-corregirse-el-modelo-que-institucionaliza-el-mando-militar-en-seguridad-publica\/","title":{"rendered":"ANTICIPA CORRAL QUE DEBE CORREGIRSE EL MODELO QUE INSTITUCIONALIZA EL MANDO MILITAR EN SEGURIDAD P\u00daBLICA"},"content":{"rendered":"<p class=\"x_MsoNormal\">El dictamen de reforma para crear la Guardia Nacional vulnera el federalismo, atenta contra la soberan\u00eda de los estados y pone en jaque el proceso de profesionalizaci\u00f3n policiaca, advierte<\/p>\n<p class=\"x_MsoNormal\"><b>&#8212;\u00a0<\/b>Mantendr\u00e1 ante diputados su consistente oposici\u00f3n a la militarizaci\u00f3n y a que ese nuevo cuerpo policiaco dependa de la Secretar\u00eda de la Defensa Nacional, en lugar de hacerlo de un mando civil<\/p>\n<p class=\"x_MsoNormal\">El modelo que institucionaliza el mando militar en Seguridad P\u00fablica por medio de la Guardia Nacional, debe corregirse ya que vulnera el federalismo, atenta contra la soberan\u00eda de los estados y pone en jaque el proceso de profesionalizaci\u00f3n policiaca, se\u00f1al\u00f3 el gobernador de Chihuahua, Javier Corral Jurado.<\/p>\n<p class=\"x_MsoNormal\">En entrevista para Imagen Informativa realizada la ma\u00f1ana de este martes, con Pascal Beltr\u00e1n del R\u00edo, el mandatario indic\u00f3 que en las audiencias p\u00fablicas en la C\u00e1mara de Diputados reiterar\u00e1 su oposici\u00f3n a la militarizaci\u00f3n de la seguridad p\u00fablica en el pa\u00eds y su convicci\u00f3n de que la apuesta debe ser por la profesionalizaci\u00f3n de los cuerpos policiacos.<\/p>\n<p class=\"x_MsoNormal\">Consider\u00f3 que el modelo planteado no es pertinente para enfrentar efectivamente el grave problema de seguridad y de violencia en M\u00e9xico, y se\u00f1al\u00f3 que<\/p>\n<p><!--more--><\/p>\n<p class=\"x_MsoNormal\">\u00a0la Guardia Nacional es un concepto que puede ser bien recibido o que puede tener incluso una utilidad pero que requiere de depender de un mando civil.<\/p>\n<p class=\"x_MsoNormal\">Javier Corral dijo que el Gobierno de la Rep\u00fablica que encabeza el presidente Andr\u00e9s Manuel L\u00f3pez Obrador cre\u00f3 la Secretar\u00eda de Seguridad P\u00fablica pero algo sucedi\u00f3 en el camino y en lugar de enviar la Guardia Nacional a la nueva instituci\u00f3n, la hizo depender de la Secretar\u00eda de la Defensa Nacional.<\/p>\n<p class=\"x_MsoNormal\">\u201cEs dif\u00edcil pensar en la existencia de un secretario de Seguridad P\u00fablica que no tenga un mando sobre la Polic\u00eda; es muy dif\u00edcil plantear que el secretario de Seguridad s\u00f3lo puede ser el planeador de las estrategias conceptuales y que todo lo dem\u00e1s deba estar a cargo de la Secretar\u00eda de la Defensa Nacional\u201d, expres\u00f3.<\/p>\n<p class=\"x_MsoNormal\">El gobernador destac\u00f3 que tambi\u00e9n le preocupan varias disposiciones que afectan la soberan\u00eda de los estados, ya que la reforma pretende darle al Presidente de la Rep\u00fablica un control mayor sobre polic\u00edas auxiliares y corporaciones privadas en las entidades federativas.<\/p>\n<p class=\"x_MsoNormal\">Agreg\u00f3 que adem\u00e1s pretende adjudicarse los centros de investigaci\u00f3n, los centros de informaci\u00f3n, de investigaci\u00f3n en materia de seguridad p\u00fablica, e incluso plantea la posibilidad de desaparecer a las polic\u00edas municipales o estatales mediante una intervenci\u00f3n federal.<\/p>\n<p class=\"x_MsoNormal\">\u201cCreo que hay cuestiones muy delicadas en este dictamen que deben ser corregidas y, con el \u00e1nimo de buscar una soluci\u00f3n de una mejor estrategia y esperanzados en que sea un foro con prop\u00f3sitos realmente de escuchar y no s\u00f3lo de tr\u00e1mite, es que acudir\u00e9 a la C\u00e1mara de Diputados\u201d, explic\u00f3.<\/p>\n<p class=\"x_MsoNormal\">El titular del Ejecutivo estatal record\u00f3 que Chihuahua es un estado que se ha opuesto de manera consistente a la militarizaci\u00f3n de la seguridad p\u00fablica en el pa\u00eds, y se\u00f1al\u00f3 que en lo personal, desde antes de su llegada al Gobierno del Estado, esa misma convicci\u00f3n la sostuvo como legislador.<\/p>\n<p class=\"x_MsoNormal\">\u201cDentro del propio gobierno del presidente Calder\u00f3n, yo expres\u00e9 mi convicci\u00f3n de que pretender institucionalizar o hacer permanente la tarea de las Fuerzas Armadas en tareas de Seguridad P\u00fablica, lo \u00fanico que hac\u00eda era ir nulificando los esfuerzos de profesionalizaci\u00f3n policiaca y colocando un riesgo cada vez mayor en materia de derechos humanos\u201d, detall\u00f3.<\/p>\n<p class=\"x_MsoNormal\">Adelant\u00f3 que acudir\u00e1 ante la C\u00e1mara de Diputados con la misma convicci\u00f3n y consistencia con la que se opuso a la minuta que reformaba la Ley de Seguridad Interior para justificar una intervenci\u00f3n militar, as\u00ed como acudi\u00f3 ante la Suprema Corte de Justicia de la Naci\u00f3n para presentar un recurso de inconstitucionalidad en contra de esa misma legislaci\u00f3n.<\/p>\n<p class=\"x_MsoNormal\">El gobernador se\u00f1al\u00f3 que si no se corrigiera el dictamen en la C\u00e1mara de Diputados y persistieran varias de las disposiciones que afectan la soberan\u00eda de los estados, vulneran el federalismo e institucionalizan el modelo de mando militar en Seguridad P\u00fablica, se tendr\u00eda que hacer un esfuerzo muy importante para ir al Senado de la Rep\u00fablica a buscar detener esa minuta con la tercera parte de los legisladores.<\/p>\n","protected":false},"excerpt":{"rendered":"<p>El dictamen de reforma para crear la Guardia Nacional vulnera el federalismo, atenta contra la soberan\u00eda de los estados y pone en jaque el proceso de profesionalizaci\u00f3n policiaca, advierte &#8212;\u00a0Mantendr\u00e1 ante diputados su consistente oposici\u00f3n a la militarizaci\u00f3n y a que ese nuevo cuerpo policiaco dependa de la Secretar\u00eda de la Defensa Nacional, en lugar [&hellip;]<\/p>\n","protected":false},"author":5,"featured_media":49440,"comment_status":"open","ping_status":"open","sticky":false,"template":"","format":"standard","meta":{"footnotes":""},"categories":[7],"tags":[],"class_list":["post-49438","post","type-post","status-publish","format-standard","has-post-thumbnail","hentry","category-estatales"],"views":7,"_links":{"self":[{"href":"https:\/\/notitodo.com.mx\/wp\/wp-json\/wp\/v2\/posts\/49438","targetHints":{"allow":["GET"]}}],"collection":[{"href":"https:\/\/notitodo.com.mx\/wp\/wp-json\/wp\/v2\/posts"}],"about":[{"href":"https:\/\/notitodo.com.mx\/wp\/wp-json\/wp\/v2\/types\/post"}],"author":[{"embeddable":true,"href":"https:\/\/notitodo.com.mx\/wp\/wp-json\/wp\/v2\/users\/5"}],"replies":[{"embeddable":true,"href":"https:\/\/notitodo.com.mx\/wp\/wp-json\/wp\/v2\/comments?post=49438"}],"version-history":[{"count":1,"href":"https:\/\/notitodo.com.mx\/wp\/wp-json\/wp\/v2\/posts\/49438\/revisions"}],"predecessor-version":[{"id":49441,"href":"https:\/\/notitodo.com.mx\/wp\/wp-json\/wp\/v2\/posts\/49438\/revisions\/49441"}],"wp:featuredmedia":[{"embeddable":true,"href":"https:\/\/notitodo.com.mx\/wp\/wp-json\/wp\/v2\/media\/49440"}],"wp:attachment":[{"href":"https:\/\/notitodo.com.mx\/wp\/wp-json\/wp\/v2\/media?parent=49438"}],"wp:term":[{"taxonomy":"category","embeddable":true,"href":"https:\/\/notitodo.com.mx\/wp\/wp-json\/wp\/v2\/categories?post=49438"},{"taxonomy":"post_tag","embeddable":true,"href":"https:\/\/notitodo.com.mx\/wp\/wp-json\/wp\/v2\/tags?post=49438"}],"curies":[{"name":"wp","href":"https:\/\/api.w.org\/{rel}","templated":true}]}}