{"id":48958,"date":"2019-01-03T05:01:08","date_gmt":"2019-01-03T05:01:08","guid":{"rendered":"https:\/\/notitodo.com.mx\/wp\/?p=48958"},"modified":"2019-01-03T05:01:08","modified_gmt":"2019-01-03T05:01:08","slug":"ofrecera-filarmonica-del-estado-espectaculos-todo-2019-para-celebrar-aniversario-25","status":"publish","type":"post","link":"https:\/\/notitodo.com.mx\/wp\/ofrecera-filarmonica-del-estado-espectaculos-todo-2019-para-celebrar-aniversario-25\/","title":{"rendered":"OFRECER\u00c1 FILARM\u00d3NICA DEL ESTADO ESPECT\u00c1CULOS TODO 2019 PARA CELEBRAR ANIVERSARIO 25"},"content":{"rendered":"<p>Con un programa art\u00edstico que no solo se limitar\u00e1 a salas de concierto, sino que recorrer\u00e1 todo el estado en espacios alternativos como plazas, auditorios y recintos p\u00fablicos, la Orquesta Filarm\u00f3nica del Estado de Chihuahua (Ofech) celebrar\u00e1 su 25 aniversario durante todo 2019.<\/p>\n<p>El primer evento ser\u00e1 el 18 de enero con un concierto gratuito en el Teatro de los H\u00e9roes, que tendr\u00e1 como invitado especial al violinista Ismael Estevan\u00e9, dentro del programa que ofrecer\u00e1 composiciones de Mozart y Mendelson.<\/p>\n<p>La Secretar\u00eda de Cultura de Chihuahua record\u00f3 que la Ofech surgi\u00f3 en julio de 1994, por un esfuerzo conjunto entre Gobierno del Estado y un patronato para<\/p>\n<p><!--more--><\/p>\n<p>crear un conjunto sinf\u00f3nico oficial en respuesta a la demanda de la sociedad chihuahuense y hoy es un leg\u00edtimo legado de orgullo.<\/p>\n<p>Su primer director fue el maestro Carlos Garc\u00eda Ruiz y el segundo director fue el maestro Jacob Chi, de origen chino, quien aport\u00f3 nuevos horizontes a la proyecci\u00f3n de la orquesta y musicalidad.<\/p>\n<p>A partir del verano de 2007 y hasta la fecha, el maestro Armando Pesqueira asumi\u00f3 la responsabilidad de la Direcci\u00f3n Art\u00edstica y Musical de este producto cultural auspiciado por el Gobierno del Estado de Chihuahua.<\/p>\n<p>La Ofech recibi\u00f3 el nombre de Filarm\u00f3nica por la etimolog\u00eda de la palabra que significa \u201camigos de la armon\u00eda\u201d, es decir, de quienes gusta y aprecian el arte musical y contribuyen a su sostenimiento y proyecci\u00f3n.<\/p>\n<p>En su mayor\u00eda est\u00e1 integrada por m\u00fasicos originarios de Chihuahua, pero tambi\u00e9n hay del resto del pa\u00eds e incluso extranjeros, principalmente europeos, con el fin de crear una escuela y elevar tanto la calidad musical como su sonido orquestal.<\/p>\n<p>A partir de su concierto inaugural, la Ofech ha ofrecido diversos programas en cada una de sus presentaciones con incorporaciones de solistas y directores de orquesta de talla internacional.<\/p>\n<p>Respecto a la oferta musical, ha dado tradicionales conciertos, galas de \u00f3pera, conciertos conferencia, \u00f3peras concierto, conciertos did\u00e1cticos infantiles y de m\u00fasica mexicana.<\/p>\n<p>Entre ellas destaca el montaje de \u201cEl Barbero de Sevilla\u201d; \u201cLa Traviata\u201d; \u201cLa Boh\u00e9me\u201d; \u201cMadame Butterfly\u201d; \u201cEl\u00edxir de Amor\u201d; \u201cRigoletto\u201d; \u201cPagliacci\u201d; \u201cLuisa Fernanda\u201d; y \u201cTosca\u201d, varias en coproducci\u00f3n con la Compa\u00f1\u00eda Nacional de \u00d3pera del Instituto Nacional de Bellas Artes.<\/p>\n<p>Presentaciones fuera del Estado en plazas como Torre\u00f3n, Coahuila y Hermosillo, Sonora, as\u00ed como en El Paso, Texas, y Nuevo M\u00e9xico, Estados Unidos, la posicionan como una de las orquestas m\u00e1s importantes en el norte del pa\u00eds.<\/p>\n<p>Algunos de los artistas internacionales que se han presentado con la Filarm\u00f3nica de Chihuahua han sido: Valery Oistrakh; Andrejz Grabiec; Timothy Hester; Alexander Markovich; Rolando Villaz\u00f3n; Jos\u00e9 Carreras; Pl\u00e1cido Domingo; y C\u00e9sar Olgu\u00edn.<\/p>\n<p>Para acercar la cultura a la gente, Gobierno del Estado ha programado conciertos en recintos p\u00fablicos como el patio central del Palacio de Gobierno con una abarrotada asistencia de espectadores para disfrutar la m\u00fasica cl\u00e1sica y tradicional.<\/p>\n<p>As\u00ed es como en 2019 cumple 25 a\u00f1os de fundaci\u00f3n e iniciar\u00e1 el festejo con un programa dedicado al viol\u00edn, con solistas invitados de diversas partes de M\u00e9xico y de otros pa\u00edses.<\/p>\n<p>Uno de los conciertos de mayor expectativa ser\u00e1 sin duda el montaje sinf\u00f3nico y coral de la Novena Sinfon\u00eda de Beethoven, programado para mediados del a\u00f1o.<\/p>\n","protected":false},"excerpt":{"rendered":"<p>Con un programa art\u00edstico que no solo se limitar\u00e1 a salas de concierto, sino que recorrer\u00e1 todo el estado en espacios alternativos como plazas, auditorios y recintos p\u00fablicos, la Orquesta Filarm\u00f3nica del Estado de Chihuahua (Ofech) celebrar\u00e1 su 25 aniversario durante todo 2019. El primer evento ser\u00e1 el 18 de enero con un concierto gratuito [&hellip;]<\/p>\n","protected":false},"author":5,"featured_media":48960,"comment_status":"open","ping_status":"open","sticky":false,"template":"","format":"standard","meta":{"footnotes":""},"categories":[7],"tags":[],"class_list":["post-48958","post","type-post","status-publish","format-standard","has-post-thumbnail","hentry","category-estatales"],"views":9,"_links":{"self":[{"href":"https:\/\/notitodo.com.mx\/wp\/wp-json\/wp\/v2\/posts\/48958","targetHints":{"allow":["GET"]}}],"collection":[{"href":"https:\/\/notitodo.com.mx\/wp\/wp-json\/wp\/v2\/posts"}],"about":[{"href":"https:\/\/notitodo.com.mx\/wp\/wp-json\/wp\/v2\/types\/post"}],"author":[{"embeddable":true,"href":"https:\/\/notitodo.com.mx\/wp\/wp-json\/wp\/v2\/users\/5"}],"replies":[{"embeddable":true,"href":"https:\/\/notitodo.com.mx\/wp\/wp-json\/wp\/v2\/comments?post=48958"}],"version-history":[{"count":1,"href":"https:\/\/notitodo.com.mx\/wp\/wp-json\/wp\/v2\/posts\/48958\/revisions"}],"predecessor-version":[{"id":48961,"href":"https:\/\/notitodo.com.mx\/wp\/wp-json\/wp\/v2\/posts\/48958\/revisions\/48961"}],"wp:featuredmedia":[{"embeddable":true,"href":"https:\/\/notitodo.com.mx\/wp\/wp-json\/wp\/v2\/media\/48960"}],"wp:attachment":[{"href":"https:\/\/notitodo.com.mx\/wp\/wp-json\/wp\/v2\/media?parent=48958"}],"wp:term":[{"taxonomy":"category","embeddable":true,"href":"https:\/\/notitodo.com.mx\/wp\/wp-json\/wp\/v2\/categories?post=48958"},{"taxonomy":"post_tag","embeddable":true,"href":"https:\/\/notitodo.com.mx\/wp\/wp-json\/wp\/v2\/tags?post=48958"}],"curies":[{"name":"wp","href":"https:\/\/api.w.org\/{rel}","templated":true}]}}