{"id":48693,"date":"2018-12-28T17:11:45","date_gmt":"2018-12-28T17:11:45","guid":{"rendered":"https:\/\/notitodo.com.mx\/wp\/?p=48693"},"modified":"2018-12-28T17:11:45","modified_gmt":"2018-12-28T17:11:45","slug":"participa-rondalla-y-ensamble-de-cuerdas-de-la-ut-de-parral-en-primer-festival-de-invierno","status":"publish","type":"post","link":"https:\/\/notitodo.com.mx\/wp\/participa-rondalla-y-ensamble-de-cuerdas-de-la-ut-de-parral-en-primer-festival-de-invierno\/","title":{"rendered":"PARTICIPA RONDALLA Y ENSAMBLE DE CUERDAS DE  LA UT DE PARRAL EN PRIMER FESTIVAL DE INVIERNO"},"content":{"rendered":"<p>La Universidad Tecnol\u00f3gica de Parral, en coordinaci\u00f3n con el Conalep de la localidad, el Instituto Chihuahuense de la Cultura Parral y el Centro Cultural Palacio de Alvarado, presentaron el Primer Festival de Invierno bajo la direcci\u00f3n del profesor H\u00e9ctor Baca Rodr\u00edguez.<\/p>\n<p>Lo anterior, con el objetivo de fortalecer las relaciones interinstitucionales para impulsar la educaci\u00f3n integral de las y los j\u00f3venes a trav\u00e9s del arte, por lo que las instancias anteriormente mencionadas, con apoyo de Gobierno del Estado, se dieron a la tarea de desarrollar este programa musical.<\/p>\n<p>Se cont\u00f3 con la participaci\u00f3n de grupos representativos de rondalla y ensambles de cuerdas, que interpretaron melod\u00edas como el Himno a la alegr\u00eda, El le\u00f3n duerme de noche, Polvo en el viento, Otro ladrillo en la pared, entre otras.<\/p>\n<p>El programa se desarroll\u00f3 con m\u00e1s de 20 j\u00f3venes m\u00fasicos en el escenario, teniendo como<\/p>\n<p><!--more--><\/p>\n<p>cierre la presentaci\u00f3n del tenor, cantante activo y compositor chihuahuense, Miguel Chaparro, artista nativo de Valle de Allende, quien se ha presentado en teatros y recintos de toda la entidad y gran parte de la Rep\u00fablica Mexicana.<\/p>\n<p>Con un lleno total se logr\u00f3 el objetivo de promover acciones culturales del sector educativo para beneficio de la comunidad.<\/p>\n<p>Con eventos de esta \u00edndole la UT de Parral, fortalece la educaci\u00f3n integral de su alumnado y promueve la creaci\u00f3n de espacios de expresi\u00f3n art\u00edstica tanto para las y los j\u00f3venes como para la sociedad en general.<\/p>\n","protected":false},"excerpt":{"rendered":"<p>La Universidad Tecnol\u00f3gica de Parral, en coordinaci\u00f3n con el Conalep de la localidad, el Instituto Chihuahuense de la Cultura Parral y el Centro Cultural Palacio de Alvarado, presentaron el Primer Festival de Invierno bajo la direcci\u00f3n del profesor H\u00e9ctor Baca Rodr\u00edguez. Lo anterior, con el objetivo de fortalecer las relaciones interinstitucionales para impulsar la educaci\u00f3n [&hellip;]<\/p>\n","protected":false},"author":5,"featured_media":48696,"comment_status":"open","ping_status":"open","sticky":false,"template":"","format":"standard","meta":{"footnotes":""},"categories":[15],"tags":[],"class_list":["post-48693","post","type-post","status-publish","format-standard","has-post-thumbnail","hentry","category-educacion"],"views":3,"_links":{"self":[{"href":"https:\/\/notitodo.com.mx\/wp\/wp-json\/wp\/v2\/posts\/48693","targetHints":{"allow":["GET"]}}],"collection":[{"href":"https:\/\/notitodo.com.mx\/wp\/wp-json\/wp\/v2\/posts"}],"about":[{"href":"https:\/\/notitodo.com.mx\/wp\/wp-json\/wp\/v2\/types\/post"}],"author":[{"embeddable":true,"href":"https:\/\/notitodo.com.mx\/wp\/wp-json\/wp\/v2\/users\/5"}],"replies":[{"embeddable":true,"href":"https:\/\/notitodo.com.mx\/wp\/wp-json\/wp\/v2\/comments?post=48693"}],"version-history":[{"count":1,"href":"https:\/\/notitodo.com.mx\/wp\/wp-json\/wp\/v2\/posts\/48693\/revisions"}],"predecessor-version":[{"id":48697,"href":"https:\/\/notitodo.com.mx\/wp\/wp-json\/wp\/v2\/posts\/48693\/revisions\/48697"}],"wp:featuredmedia":[{"embeddable":true,"href":"https:\/\/notitodo.com.mx\/wp\/wp-json\/wp\/v2\/media\/48696"}],"wp:attachment":[{"href":"https:\/\/notitodo.com.mx\/wp\/wp-json\/wp\/v2\/media?parent=48693"}],"wp:term":[{"taxonomy":"category","embeddable":true,"href":"https:\/\/notitodo.com.mx\/wp\/wp-json\/wp\/v2\/categories?post=48693"},{"taxonomy":"post_tag","embeddable":true,"href":"https:\/\/notitodo.com.mx\/wp\/wp-json\/wp\/v2\/tags?post=48693"}],"curies":[{"name":"wp","href":"https:\/\/api.w.org\/{rel}","templated":true}]}}