{"id":47110,"date":"2018-12-05T06:25:18","date_gmt":"2018-12-05T06:25:18","guid":{"rendered":"https:\/\/notitodo.com.mx\/wp\/?p=47110"},"modified":"2018-12-05T06:25:18","modified_gmt":"2018-12-05T06:25:18","slug":"un-hecho-la-creacion-de-4-centros-de-atencion-a-alumnos-con-discapacidad-en-planteles-cecytech-de-juarez-y-chihuahua","status":"publish","type":"post","link":"https:\/\/notitodo.com.mx\/wp\/un-hecho-la-creacion-de-4-centros-de-atencion-a-alumnos-con-discapacidad-en-planteles-cecytech-de-juarez-y-chihuahua\/","title":{"rendered":"UN HECHO LA CREACI\u00d3N DE 4 CENTROS DE ATENCI\u00d3N A ALUMNOS CON DISCAPACIDAD EN PLANTELES CECYTECH DE JU\u00c1REZ Y CHIHUAHUA"},"content":{"rendered":"<p>En el marco de las actividades con motivo de la \u201cSemana por la Inclusi\u00f3n de las Personas con Discapacidad\u201d, que se realiza del 3 al 7 de diciembre, el Colegio de Estudios Cient\u00edficos y Tecnol\u00f3gicos del Estado de Chihuahua (CECyTECH), llev\u00f3 a cabo la firma de un convenio de colaboraci\u00f3n con la Red Integraci\u00f3n, Discapacidad y Desarrollo, A.C.<\/p>\n<p>El objetivo principal es crear un v\u00ednculo entre ambas instituciones, para la apertura de cuatro Centros de Atenci\u00f3n a Alumnos con Discapacidad (CAED), en planteles del CECyTECH en Chihuahua y Ciudad Ju\u00e1rez.<\/p>\n<p>Estos espacios ser\u00e1n de la m\u00e1s alta calidad, lo que permitir\u00e1 contar con aulas equipadas con maquinaria de la mejor tecnolog\u00eda, para atender a estudiantes que<\/p>\n<p><!--more--><\/p>\n<p>tienen alguna discapacidad, todo con el acompa\u00f1amiento de un cuerpo docente especializado, que cuenta con pleno conocimiento de ese campo de la materia y capacitado en lectoescritura, Braille y lengua de se\u00f1as entre otras aptitudes.<\/p>\n<p>La directora general del CECyTECH, Ana Belinda Ames Russek, destac\u00f3 el esfuerzo que se ha realizado para concretar estos centros, los cuales, asever\u00f3, ser\u00e1n ahora una realidad, lo que demuestra la voluntad y compromiso de la presente administraci\u00f3n estatal.<\/p>\n","protected":false},"excerpt":{"rendered":"<p>En el marco de las actividades con motivo de la \u201cSemana por la Inclusi\u00f3n de las Personas con Discapacidad\u201d, que se realiza del 3 al 7 de diciembre, el Colegio de Estudios Cient\u00edficos y Tecnol\u00f3gicos del Estado de Chihuahua (CECyTECH), llev\u00f3 a cabo la firma de un convenio de colaboraci\u00f3n con la Red Integraci\u00f3n, Discapacidad [&hellip;]<\/p>\n","protected":false},"author":5,"featured_media":47112,"comment_status":"open","ping_status":"open","sticky":false,"template":"","format":"standard","meta":{"footnotes":""},"categories":[7],"tags":[],"class_list":["post-47110","post","type-post","status-publish","format-standard","has-post-thumbnail","hentry","category-estatales"],"views":9,"_links":{"self":[{"href":"https:\/\/notitodo.com.mx\/wp\/wp-json\/wp\/v2\/posts\/47110","targetHints":{"allow":["GET"]}}],"collection":[{"href":"https:\/\/notitodo.com.mx\/wp\/wp-json\/wp\/v2\/posts"}],"about":[{"href":"https:\/\/notitodo.com.mx\/wp\/wp-json\/wp\/v2\/types\/post"}],"author":[{"embeddable":true,"href":"https:\/\/notitodo.com.mx\/wp\/wp-json\/wp\/v2\/users\/5"}],"replies":[{"embeddable":true,"href":"https:\/\/notitodo.com.mx\/wp\/wp-json\/wp\/v2\/comments?post=47110"}],"version-history":[{"count":1,"href":"https:\/\/notitodo.com.mx\/wp\/wp-json\/wp\/v2\/posts\/47110\/revisions"}],"predecessor-version":[{"id":47113,"href":"https:\/\/notitodo.com.mx\/wp\/wp-json\/wp\/v2\/posts\/47110\/revisions\/47113"}],"wp:featuredmedia":[{"embeddable":true,"href":"https:\/\/notitodo.com.mx\/wp\/wp-json\/wp\/v2\/media\/47112"}],"wp:attachment":[{"href":"https:\/\/notitodo.com.mx\/wp\/wp-json\/wp\/v2\/media?parent=47110"}],"wp:term":[{"taxonomy":"category","embeddable":true,"href":"https:\/\/notitodo.com.mx\/wp\/wp-json\/wp\/v2\/categories?post=47110"},{"taxonomy":"post_tag","embeddable":true,"href":"https:\/\/notitodo.com.mx\/wp\/wp-json\/wp\/v2\/tags?post=47110"}],"curies":[{"name":"wp","href":"https:\/\/api.w.org\/{rel}","templated":true}]}}