{"id":47058,"date":"2018-12-05T05:37:19","date_gmt":"2018-12-05T05:37:19","guid":{"rendered":"https:\/\/notitodo.com.mx\/wp\/?p=47058"},"modified":"2018-12-05T05:37:19","modified_gmt":"2018-12-05T05:37:19","slug":"imparte-cenaltec-cursos-de-actualizacion-a-docentes-y-alumnado-de-la-ut-de-paquime","status":"publish","type":"post","link":"https:\/\/notitodo.com.mx\/wp\/imparte-cenaltec-cursos-de-actualizacion-a-docentes-y-alumnado-de-la-ut-de-paquime\/","title":{"rendered":"IMPARTE CENALTEC CURSOS DE ACTUALIZACI\u00d3N A DOCENTES Y ALUMNADO DE LA UT DE PAQUIM\u00c9"},"content":{"rendered":"<p>Como parte de una actualizaci\u00f3n y preparaci\u00f3n constante para fortalecer las herramientas en miras de un mejor desarrollo, el Centro de Entrenamiento en Alta Tecnolog\u00eda (CENALTEC), imparti\u00f3 dos cursos de profesionalizaci\u00f3n, los cuales fueron dirigidos tanto al alumnado, como al personal docente de la Universidad Tecnol\u00f3gica de Paquim\u00e9.<\/p>\n<p>La actividad fue posible gracias al Departamento de Seguimiento de Egresados y Educaci\u00f3n Continua con el que cuenta la instituci\u00f3n, toda vez que se realizaron las gestiones correspondientes, a trav\u00e9s de la titular de dicha \u00e1rea, Lizbeth Carrillo.<\/p>\n<p>De manera simult\u00e1nea, se llev\u00f3 cabo las capacitaciones de Impresi\u00f3n 3D y Electricidad, las cuales fueron impartidas por los<\/p>\n<p><!--more--><\/p>\n<p>especialistas Eduardo Soto y V\u00edctor Rodr\u00edguez, respectivamente.<\/p>\n<p>La intenci\u00f3n del curso, fue fortalecer las \u00e1reas afines a dichas formaciones, y de esta manera profundizar en diversos temas de inter\u00e9s que pueden ser aplicados en la labor diaria.<\/p>\n<p>Los cursos fueron totalmente gratuitos, y dirigidos al p\u00fablico en general, con cupo limitado a 20 personas cada uno, lo anterior, gracias al convenio que existe entre la universidad y el CENALTEC.<\/p>\n","protected":false},"excerpt":{"rendered":"<p>Como parte de una actualizaci\u00f3n y preparaci\u00f3n constante para fortalecer las herramientas en miras de un mejor desarrollo, el Centro de Entrenamiento en Alta Tecnolog\u00eda (CENALTEC), imparti\u00f3 dos cursos de profesionalizaci\u00f3n, los cuales fueron dirigidos tanto al alumnado, como al personal docente de la Universidad Tecnol\u00f3gica de Paquim\u00e9. La actividad fue posible gracias al Departamento [&hellip;]<\/p>\n","protected":false},"author":5,"featured_media":47060,"comment_status":"open","ping_status":"open","sticky":false,"template":"","format":"standard","meta":{"footnotes":""},"categories":[15],"tags":[],"class_list":["post-47058","post","type-post","status-publish","format-standard","has-post-thumbnail","hentry","category-educacion"],"views":35,"_links":{"self":[{"href":"https:\/\/notitodo.com.mx\/wp\/wp-json\/wp\/v2\/posts\/47058","targetHints":{"allow":["GET"]}}],"collection":[{"href":"https:\/\/notitodo.com.mx\/wp\/wp-json\/wp\/v2\/posts"}],"about":[{"href":"https:\/\/notitodo.com.mx\/wp\/wp-json\/wp\/v2\/types\/post"}],"author":[{"embeddable":true,"href":"https:\/\/notitodo.com.mx\/wp\/wp-json\/wp\/v2\/users\/5"}],"replies":[{"embeddable":true,"href":"https:\/\/notitodo.com.mx\/wp\/wp-json\/wp\/v2\/comments?post=47058"}],"version-history":[{"count":1,"href":"https:\/\/notitodo.com.mx\/wp\/wp-json\/wp\/v2\/posts\/47058\/revisions"}],"predecessor-version":[{"id":47061,"href":"https:\/\/notitodo.com.mx\/wp\/wp-json\/wp\/v2\/posts\/47058\/revisions\/47061"}],"wp:featuredmedia":[{"embeddable":true,"href":"https:\/\/notitodo.com.mx\/wp\/wp-json\/wp\/v2\/media\/47060"}],"wp:attachment":[{"href":"https:\/\/notitodo.com.mx\/wp\/wp-json\/wp\/v2\/media?parent=47058"}],"wp:term":[{"taxonomy":"category","embeddable":true,"href":"https:\/\/notitodo.com.mx\/wp\/wp-json\/wp\/v2\/categories?post=47058"},{"taxonomy":"post_tag","embeddable":true,"href":"https:\/\/notitodo.com.mx\/wp\/wp-json\/wp\/v2\/tags?post=47058"}],"curies":[{"name":"wp","href":"https:\/\/api.w.org\/{rel}","templated":true}]}}