{"id":46843,"date":"2018-12-03T18:17:53","date_gmt":"2018-12-03T18:17:53","guid":{"rendered":"https:\/\/notitodo.com.mx\/wp\/?p=46843"},"modified":"2018-12-03T18:17:53","modified_gmt":"2018-12-03T18:17:53","slug":"entregan-reconocimiento-a-los-alumnos-del-cbtis-122-que-destacaron-en-eventos-academicos-culturales-y-deportivos-cosecha-2018-2","status":"publish","type":"post","link":"https:\/\/notitodo.com.mx\/wp\/entregan-reconocimiento-a-los-alumnos-del-cbtis-122-que-destacaron-en-eventos-academicos-culturales-y-deportivos-cosecha-2018-2\/","title":{"rendered":"Entregan reconocimiento a los alumnos del Cbtis 122 que destacaron en eventos acad\u00e9micos, Culturales y deportivos \u201cCosecha 2018\u201d"},"content":{"rendered":"<p>El Viernes a las 10 am. Se llev\u00f3 a cabo una ceremonia en las instalaciones del plantel Cbtis 122 con el fin de reconocer y felicitar a los estudiantes que de alguna manera participaron y destacaron en lo Acad\u00e9mico, deportivo y cultural.<\/p>\n<p>Cabe destacar que los alumnos participaron durante el a\u00f1o 2018 en diferentes convocatorias de intramuros y encuentros a nivel estatal y nacional de los cuales<\/p>\n<p><!--more--><\/p>\n<p>lograron traerse los primeros lugares como la escolta, el grupo de<br \/>\ndanza, basquetbol, y en prototipos entre otros m\u00e1s. Siendo el \u00faltimo evento donde participaron fue en Torre\u00f3n Coahuila en Encuentro Nacional el cual se llev\u00f3 a cabo el 9 de Noviembre 2018.<\/p>\n<p>Dentro de las autoridades que estuvieron presentes en esta ceremonia para homenajear a los estudiantes fueron el Subdirector de la Direcci\u00f3n de Desarrollo Humano y Educaci\u00f3n Lic. Luis Felipe Matan N\u00fa\u00f1ez, el Director del Cbtis 122, el Coordinador del centro deportivo norte en representaci\u00f3n del Director del IMCFYD Orlando Villalobos y otros directivos de la educaci\u00f3n.<\/p>\n","protected":false},"excerpt":{"rendered":"<p>El Viernes a las 10 am. Se llev\u00f3 a cabo una ceremonia en las instalaciones del plantel Cbtis 122 con el fin de reconocer y felicitar a los estudiantes que de alguna manera participaron y destacaron en lo Acad\u00e9mico, deportivo y cultural. Cabe destacar que los alumnos participaron durante el a\u00f1o 2018 en diferentes convocatorias [&hellip;]<\/p>\n","protected":false},"author":5,"featured_media":46608,"comment_status":"open","ping_status":"open","sticky":false,"template":"","format":"standard","meta":{"footnotes":""},"categories":[15],"tags":[],"class_list":["post-46843","post","type-post","status-publish","format-standard","has-post-thumbnail","hentry","category-educacion"],"views":24,"_links":{"self":[{"href":"https:\/\/notitodo.com.mx\/wp\/wp-json\/wp\/v2\/posts\/46843","targetHints":{"allow":["GET"]}}],"collection":[{"href":"https:\/\/notitodo.com.mx\/wp\/wp-json\/wp\/v2\/posts"}],"about":[{"href":"https:\/\/notitodo.com.mx\/wp\/wp-json\/wp\/v2\/types\/post"}],"author":[{"embeddable":true,"href":"https:\/\/notitodo.com.mx\/wp\/wp-json\/wp\/v2\/users\/5"}],"replies":[{"embeddable":true,"href":"https:\/\/notitodo.com.mx\/wp\/wp-json\/wp\/v2\/comments?post=46843"}],"version-history":[{"count":1,"href":"https:\/\/notitodo.com.mx\/wp\/wp-json\/wp\/v2\/posts\/46843\/revisions"}],"predecessor-version":[{"id":46845,"href":"https:\/\/notitodo.com.mx\/wp\/wp-json\/wp\/v2\/posts\/46843\/revisions\/46845"}],"wp:featuredmedia":[{"embeddable":true,"href":"https:\/\/notitodo.com.mx\/wp\/wp-json\/wp\/v2\/media\/46608"}],"wp:attachment":[{"href":"https:\/\/notitodo.com.mx\/wp\/wp-json\/wp\/v2\/media?parent=46843"}],"wp:term":[{"taxonomy":"category","embeddable":true,"href":"https:\/\/notitodo.com.mx\/wp\/wp-json\/wp\/v2\/categories?post=46843"},{"taxonomy":"post_tag","embeddable":true,"href":"https:\/\/notitodo.com.mx\/wp\/wp-json\/wp\/v2\/tags?post=46843"}],"curies":[{"name":"wp","href":"https:\/\/api.w.org\/{rel}","templated":true}]}}