{"id":46819,"date":"2018-12-03T17:57:54","date_gmt":"2018-12-03T17:57:54","guid":{"rendered":"https:\/\/notitodo.com.mx\/wp\/?p=46819"},"modified":"2018-12-03T17:57:54","modified_gmt":"2018-12-03T17:57:54","slug":"acciones-y-servicios-de-gobierno-del-estado-benefician-a-mas-de-17-mil-personas-con-discapacidad-en-un-ano","status":"publish","type":"post","link":"https:\/\/notitodo.com.mx\/wp\/acciones-y-servicios-de-gobierno-del-estado-benefician-a-mas-de-17-mil-personas-con-discapacidad-en-un-ano\/","title":{"rendered":"ACCIONES Y SERVICIOS DE GOBIERNO DEL ESTADO BENEFICIAN A M\u00c1S DE 17 MIL PERSONAS CON DISCAPACIDAD EN UN A\u00d1O"},"content":{"rendered":"<p>En el marco de la conmemoraci\u00f3n de D\u00eda Internacional de las Personas con Discapacidad, hoy 3 de diciembre, la Secretar\u00eda de Desarrollo Social inform\u00f3 que promueve una importante variedad de programas y acciones que al a\u00f1o benefician a 17 mil 213 personas con discapacidad para mejorar su calidad de vida.<\/p>\n<p>V\u00edctor Quintana Silveyra, titular de la dependencia estatal mencion\u00f3 que para dar seguimiento al Plan Estatal de Desarrollo y con una inversi\u00f3n de 4 millones 901 mil 950 pesos, se beneficia a 3 mil 650 personas con distintas discapacidades en los diversos municipios del estado.<\/p>\n<p>De la misma manera, el funcionario precis\u00f3 que tan solo en lo que va del a\u00f1o, a trav\u00e9s de la direcci\u00f3n de Grupos Vulnerables se entregaron 901 apoyos funcionales a igual n\u00famero de beneficiarios en 33 municipios de la entidad para mejorar su calidad de vida.<\/p>\n<p>Estos incluyen aparatos auditivos, sillas de ruedas regulares y todo terreno, sillas para personas con par\u00e1lisis cerebral infantil y de adulto, andadores, bastones de<\/p>\n<p><!--more--><\/p>\n<p>una y cuatro puntas, muletas, c\u00f3modos, bastones para invidentes y otros.<\/p>\n<p>Quintana Silveyra, a\u00f1adi\u00f3 que tambi\u00e9n se cuenta con el servicio de transporte adaptado gratuito con ocho rutas establecidas, entre camiones tipo urbano y camionetas adaptadas, con los cuales se ofrecen anualmente 36 mil servicios de traslado para que 12 mil usuarias y usuarios asistan a citas m\u00e9dicas, de rehabilitaci\u00f3n, centros educativos o trabajo.<\/p>\n<p>Indic\u00f3 que a trav\u00e9s de la bolsa de trabajo para personas con discapacidad de la Direcci\u00f3n de Grupos Vulnerables, se han atendido solicitudes de 456 personas, y de ese n\u00famero, se ha colocado laboralmente a 139 en empresas de los sectores comercial y maquilador como Continental, Jabil, DTR, Electrocomponentes, Iqor y Textron.<\/p>\n<p>El secretario se\u00f1al\u00f3 que mediante la Escuela de Artes y Oficios mensualmente ofrecen al menos mil servicios a 206 alumnas y alumnos con discapacidad que diariamente reciben clases de habilidades para la vida, como cocina, talabarter\u00eda, reposter\u00eda, zapater\u00eda, lengua de se\u00f1as, braille, orientaci\u00f3n y movilidad, lectoescritura, corte y confecci\u00f3n, fotograf\u00eda, bisuter\u00eda, pintura, manualidades, educaci\u00f3n para adultos y atenci\u00f3n psicol\u00f3gica.<\/p>\n<p>Por \u00faltimo, V\u00edctor Quintana record\u00f3 que las personas con discapacidad gozan de atenci\u00f3n preferencial a trav\u00e9s de m\u00e1s de 600 \u201cVentanillas Amigables e Incluyentes\u201d para la realizaci\u00f3n de tr\u00e1mites, las cuales se encuentran instaladas en dependencias del Gobierno del Estado, el Tribunal Superior de Justicia, Gobierno Municipal y la Comisi\u00f3n Estatal de Derechos Humanos.<\/p>\n<p>De acuerdo con informaci\u00f3n del Instituto Nacional de Estad\u00edstica y Geograf\u00eda (INEGI), en el estado existe una poblaci\u00f3n de 138 mil 424 personas con alguna discapacidad, de las cuales, la m\u00e1s com\u00fan es la motriz, con 75 mil; seguida de la discapacidad visual con 43 mil casos.<\/p>\n<p>Es importante precisar que el D\u00eda Internacional de las Personas con Discapacidad fue declarado el a\u00f1o 1992 por la Asamblea General de las Naciones Unidas, con el objetivo de promover los derechos y el bienestar de las personas con alguna discapacidad, adem\u00e1s de crear conciencia sobre la situaci\u00f3n de este sector de la sociedad en todos los aspectos de la vida pol\u00edtica, social, econ\u00f3mica y cultural.<\/p>\n","protected":false},"excerpt":{"rendered":"<p>En el marco de la conmemoraci\u00f3n de D\u00eda Internacional de las Personas con Discapacidad, hoy 3 de diciembre, la Secretar\u00eda de Desarrollo Social inform\u00f3 que promueve una importante variedad de programas y acciones que al a\u00f1o benefician a 17 mil 213 personas con discapacidad para mejorar su calidad de vida. V\u00edctor Quintana Silveyra, titular de [&hellip;]<\/p>\n","protected":false},"author":5,"featured_media":46821,"comment_status":"open","ping_status":"open","sticky":false,"template":"","format":"standard","meta":{"footnotes":""},"categories":[7],"tags":[],"class_list":["post-46819","post","type-post","status-publish","format-standard","has-post-thumbnail","hentry","category-estatales"],"views":4,"_links":{"self":[{"href":"https:\/\/notitodo.com.mx\/wp\/wp-json\/wp\/v2\/posts\/46819","targetHints":{"allow":["GET"]}}],"collection":[{"href":"https:\/\/notitodo.com.mx\/wp\/wp-json\/wp\/v2\/posts"}],"about":[{"href":"https:\/\/notitodo.com.mx\/wp\/wp-json\/wp\/v2\/types\/post"}],"author":[{"embeddable":true,"href":"https:\/\/notitodo.com.mx\/wp\/wp-json\/wp\/v2\/users\/5"}],"replies":[{"embeddable":true,"href":"https:\/\/notitodo.com.mx\/wp\/wp-json\/wp\/v2\/comments?post=46819"}],"version-history":[{"count":1,"href":"https:\/\/notitodo.com.mx\/wp\/wp-json\/wp\/v2\/posts\/46819\/revisions"}],"predecessor-version":[{"id":46822,"href":"https:\/\/notitodo.com.mx\/wp\/wp-json\/wp\/v2\/posts\/46819\/revisions\/46822"}],"wp:featuredmedia":[{"embeddable":true,"href":"https:\/\/notitodo.com.mx\/wp\/wp-json\/wp\/v2\/media\/46821"}],"wp:attachment":[{"href":"https:\/\/notitodo.com.mx\/wp\/wp-json\/wp\/v2\/media?parent=46819"}],"wp:term":[{"taxonomy":"category","embeddable":true,"href":"https:\/\/notitodo.com.mx\/wp\/wp-json\/wp\/v2\/categories?post=46819"},{"taxonomy":"post_tag","embeddable":true,"href":"https:\/\/notitodo.com.mx\/wp\/wp-json\/wp\/v2\/tags?post=46819"}],"curies":[{"name":"wp","href":"https:\/\/api.w.org\/{rel}","templated":true}]}}