{"id":4627,"date":"2016-11-29T15:32:38","date_gmt":"2016-11-29T15:32:38","guid":{"rendered":"http:\/\/notitodo.com.mx\/wp\/?p=4627"},"modified":"2016-11-29T15:32:38","modified_gmt":"2016-11-29T15:32:38","slug":"cae-avion-con-futbolistas-del-chapecoense-brasileno-hay-sobreviviente","status":"publish","type":"post","link":"https:\/\/notitodo.com.mx\/wp\/cae-avion-con-futbolistas-del-chapecoense-brasileno-hay-sobreviviente\/","title":{"rendered":"Cae avi\u00f3n con futbolistas del Chapecoense Brasile\u00f1o, hay sobreviviente"},"content":{"rendered":"<p>Un sexto superviviente fue rescatado hoy de entre los restos del avi\u00f3n boliviano que se estrell\u00f3 con 81 personas a bordo, entre ellas el equipo brasile\u00f1o de futbol Chapecoense, en el municipio de La Uni\u00f3n, departamento de Antioquia, en el noroeste de Colombia, informaron los bomberos.<\/p>\n<p>75<br \/>\nv\u00edctimas mortales dej\u00f3 el tr\u00e1gico accidente<\/p>\n<p>Con este rescate, ser\u00edan 75 las v\u00edctimas mortales del tr\u00e1gico accidente que<!--more-->quenluta a Latinoam\u00e9rica y al mundo del futbol en general.<\/p>\n<p>Un hombre de unos 30 a\u00f1os fue localizado en el interior del fuselaje, inform\u00f3 un miembro del cuerpo de bombero de Itag\u00fc\u00ed, localidad del \u00e1rea metropolitana de Medell\u00edn.<\/p>\n<p>Los jugadores Alan Luciano Ruschel y Jacson Ragnar Follmann, la asistente de vuelo Ximena Su\u00e1rez, el periodista brasile\u00f1o Rafael Hensel, fueron rescatados durante la madrugada de este martes.<\/p>\n<p>Los sobrevivientes:<\/p>\n<p>Alan Ruschel, defensa<br \/>\nJackson Follmann, portero<br \/>\nXimena Su\u00e1rez, auxiliar de vuelo<br \/>\nRafael Henzel, periodista brasile\u00f1o<br \/>\nErwin Tumiri, t\u00e9cnico de la aeronave<br \/>\nH\u00e9lio Hermito Zampier, conocido como Neto, defensa del equipo<br \/>\nRuschel, de 27 a\u00f1os, jugaba de lateral izquierdo y lleg\u00f3 conmocionado en una ambulancia al hospital San Juan de Dios, en la localidad de La Ceja.<\/p>\n<p>Al mismo llegaron al centro de salud Padilha y Follmann, ambos son arqueros.<\/p>\n<p>Los futbolistas del Chapecoense Marcos Danilo Padilha y Alan Ruschel publicaron estas im\u00e1genes en Twitter antes de despegar.<\/p>\n<p>La lista de los jugadores que viajaban:<br \/>\nArqueros: Danilo y Follmann;<br \/>\nLaterales: Gimenez, Dener, Alan Ruschel y Caramelo.<br \/>\nDefensores: Marcelo, Filipe Machado, Thiego y Neto.<br \/>\nVolantes: Josimar, Gil, S\u00e9rgio Manoel, Matheus Biteco, Cleber Santana y Arthur Maia.<br \/>\nAtacantes: Kempes, Ananias, Lucas Gomes, Tiaguinho, Bruno Rangel y Canela.<br \/>\nEl Chapecoense, modesto equipo de la ciudad brasile\u00f1a de Chapec\u00f3, en el estado de Santa Catarina, se dirig\u00eda a Medell\u00edn para disputar ma\u00f1ana con el Atl\u00e9tico Nacional el partido de ida de la final de la Copa Sudamericana, la mayor gesta de su historia que acab\u00f3 convertida en tragedia.<\/p>\n<p>jpg<br \/>\nfuente;excelsior<\/p>\n","protected":false},"excerpt":{"rendered":"<p>Un sexto superviviente fue rescatado hoy de entre los restos del avi\u00f3n boliviano que se estrell\u00f3 con 81 personas a bordo, entre ellas el equipo brasile\u00f1o de futbol Chapecoense, en el municipio de La Uni\u00f3n, departamento de Antioquia, en el noroeste de Colombia, informaron los bomberos. 75 v\u00edctimas mortales dej\u00f3 el tr\u00e1gico accidente Con este [&hellip;]<\/p>\n","protected":false},"author":5,"featured_media":4628,"comment_status":"open","ping_status":"open","sticky":false,"template":"","format":"standard","meta":{"footnotes":""},"categories":[4,6],"tags":[],"class_list":["post-4627","post","type-post","status-publish","format-standard","has-post-thumbnail","hentry","category-deportes","category-nacionales"],"views":9,"_links":{"self":[{"href":"https:\/\/notitodo.com.mx\/wp\/wp-json\/wp\/v2\/posts\/4627","targetHints":{"allow":["GET"]}}],"collection":[{"href":"https:\/\/notitodo.com.mx\/wp\/wp-json\/wp\/v2\/posts"}],"about":[{"href":"https:\/\/notitodo.com.mx\/wp\/wp-json\/wp\/v2\/types\/post"}],"author":[{"embeddable":true,"href":"https:\/\/notitodo.com.mx\/wp\/wp-json\/wp\/v2\/users\/5"}],"replies":[{"embeddable":true,"href":"https:\/\/notitodo.com.mx\/wp\/wp-json\/wp\/v2\/comments?post=4627"}],"version-history":[{"count":1,"href":"https:\/\/notitodo.com.mx\/wp\/wp-json\/wp\/v2\/posts\/4627\/revisions"}],"predecessor-version":[{"id":4629,"href":"https:\/\/notitodo.com.mx\/wp\/wp-json\/wp\/v2\/posts\/4627\/revisions\/4629"}],"wp:featuredmedia":[{"embeddable":true,"href":"https:\/\/notitodo.com.mx\/wp\/wp-json\/wp\/v2\/media\/4628"}],"wp:attachment":[{"href":"https:\/\/notitodo.com.mx\/wp\/wp-json\/wp\/v2\/media?parent=4627"}],"wp:term":[{"taxonomy":"category","embeddable":true,"href":"https:\/\/notitodo.com.mx\/wp\/wp-json\/wp\/v2\/categories?post=4627"},{"taxonomy":"post_tag","embeddable":true,"href":"https:\/\/notitodo.com.mx\/wp\/wp-json\/wp\/v2\/tags?post=4627"}],"curies":[{"name":"wp","href":"https:\/\/api.w.org\/{rel}","templated":true}]}}