{"id":46137,"date":"2018-11-24T15:26:01","date_gmt":"2018-11-24T15:26:01","guid":{"rendered":"https:\/\/notitodo.com.mx\/wp\/?p=46137"},"modified":"2018-11-24T15:26:01","modified_gmt":"2018-11-24T15:26:01","slug":"ofrecera-la-uach-magna-presentacion-de-la-opera-la-boheme-en-el-teatro-de-la-ciudad","status":"publish","type":"post","link":"https:\/\/notitodo.com.mx\/wp\/ofrecera-la-uach-magna-presentacion-de-la-opera-la-boheme-en-el-teatro-de-la-ciudad\/","title":{"rendered":"Ofrecer\u00e1 la UACH magna presentaci\u00f3n de la \u00f3pera \u201cLa Boh\u00e9me\u201d en el Teatro de la Ciudad"},"content":{"rendered":"<p class=\"x_MsoNormal\">Con el objetivo de ofrecer actividades culturales a la poblaci\u00f3n en general, as\u00ed como al estudiantado, la Orquesta Sinf\u00f3nica de la Universidad Aut\u00f3noma de Chihuahua, en conjunto con la compa\u00f1\u00eda espa\u00f1ola Prom\u00d3pera, anunci\u00f3 el montaje de la aclamada \u00f3pera La Boh\u00e9me, del compositor italiano Giacomo Puccini.<\/p>\n<p class=\"x_MsoNormal\">La magna presentaci\u00f3n de esta pieza, de las m\u00e1s famosas a nivel mundial, correr\u00e1 bajo la direcci\u00f3n del maestro Ra\u00fal Garc\u00eda Vel\u00e1zquez, y adem\u00e1s de la musicalizaci\u00f3n por parte de la orquesta sinf\u00f3nica de la UACH, se contar\u00e1 con un coro y una marching band.<\/p>\n<p class=\"x_MsoNormal\">El papel protag\u00f3nico de Mim\u00ed ser\u00e1 representado por la soprano espa\u00f1ola Laura Alonso Pad\u00edn. A lo largo de su carrera, ella ha destacado por su interpretaci\u00f3n en varios papeles en otras obras de renombre, tales como la Traviata y Rigoletto, de Verdi, o la Flauta M\u00e1gica, de Mozart.<\/p>\n<p class=\"x_MsoNormal\">El estelar masculino de Rodolfo correr\u00e1 a cargo del tenor chihuahuense Carlos Alberto Vel\u00e1zquez, ya muy conocido en la comunidad al haber empezado su<\/p>\n<p><!--more--><\/p>\n<p class=\"x_MsoNormal\">carrera musical desde muy temprana edad y poseedor de un gran talento, alternando recientemente con el cantautor Alberto Cort\u00e9z en su \u00faltima visita a tierras chihuahuenses.<\/p>\n<p class=\"x_MsoNormal\">La Boh\u00e9me est\u00e1 basada en la novela \u201cEscenas de la vida Bohemia\u201d de Henri Murger, y refleja las vivencias de Puccini durante sus a\u00f1os de estudiante en el conservatorio de Mil\u00e1n. Ambientada en Paris, la historia retrata un grupo de j\u00f3venes artistas, donde el poeta Rodolfo se enamora de Mim\u00ed, la modista. Hoy en d\u00eda representa un est\u00e1ndar en el repertorio oper\u00edstico y en a\u00f1os recientes fue la cuarta \u00f3pera m\u00e1s representada a nivel mundial.<\/p>\n<p class=\"x_MsoNormal\">Esta gala se presentar\u00e1 durante dos d\u00edas en nuestra ciudad, los pr\u00f3ximos 29 y 30 de noviembre, a las 20:00 horas en el Teatro de la Ciudad. Los boletos tendr\u00e1n un costo de $100.00 pesos y estar\u00e1n a la venta a partir del d\u00eda 28 en la taquilla del teatro. Para m\u00e1s informaci\u00f3n llamar al (614)439-1504, extensi\u00f3n 2081.<\/p>\n","protected":false},"excerpt":{"rendered":"<p>Con el objetivo de ofrecer actividades culturales a la poblaci\u00f3n en general, as\u00ed como al estudiantado, la Orquesta Sinf\u00f3nica de la Universidad Aut\u00f3noma de Chihuahua, en conjunto con la compa\u00f1\u00eda espa\u00f1ola Prom\u00d3pera, anunci\u00f3 el montaje de la aclamada \u00f3pera La Boh\u00e9me, del compositor italiano Giacomo Puccini. La magna presentaci\u00f3n de esta pieza, de las m\u00e1s [&hellip;]<\/p>\n","protected":false},"author":5,"featured_media":46139,"comment_status":"open","ping_status":"open","sticky":false,"template":"","format":"standard","meta":{"footnotes":""},"categories":[7],"tags":[],"class_list":["post-46137","post","type-post","status-publish","format-standard","has-post-thumbnail","hentry","category-estatales"],"views":29,"_links":{"self":[{"href":"https:\/\/notitodo.com.mx\/wp\/wp-json\/wp\/v2\/posts\/46137","targetHints":{"allow":["GET"]}}],"collection":[{"href":"https:\/\/notitodo.com.mx\/wp\/wp-json\/wp\/v2\/posts"}],"about":[{"href":"https:\/\/notitodo.com.mx\/wp\/wp-json\/wp\/v2\/types\/post"}],"author":[{"embeddable":true,"href":"https:\/\/notitodo.com.mx\/wp\/wp-json\/wp\/v2\/users\/5"}],"replies":[{"embeddable":true,"href":"https:\/\/notitodo.com.mx\/wp\/wp-json\/wp\/v2\/comments?post=46137"}],"version-history":[{"count":1,"href":"https:\/\/notitodo.com.mx\/wp\/wp-json\/wp\/v2\/posts\/46137\/revisions"}],"predecessor-version":[{"id":46140,"href":"https:\/\/notitodo.com.mx\/wp\/wp-json\/wp\/v2\/posts\/46137\/revisions\/46140"}],"wp:featuredmedia":[{"embeddable":true,"href":"https:\/\/notitodo.com.mx\/wp\/wp-json\/wp\/v2\/media\/46139"}],"wp:attachment":[{"href":"https:\/\/notitodo.com.mx\/wp\/wp-json\/wp\/v2\/media?parent=46137"}],"wp:term":[{"taxonomy":"category","embeddable":true,"href":"https:\/\/notitodo.com.mx\/wp\/wp-json\/wp\/v2\/categories?post=46137"},{"taxonomy":"post_tag","embeddable":true,"href":"https:\/\/notitodo.com.mx\/wp\/wp-json\/wp\/v2\/tags?post=46137"}],"curies":[{"name":"wp","href":"https:\/\/api.w.org\/{rel}","templated":true}]}}