{"id":46113,"date":"2018-11-24T15:10:23","date_gmt":"2018-11-24T15:10:23","guid":{"rendered":"https:\/\/notitodo.com.mx\/wp\/?p=46113"},"modified":"2018-11-24T15:10:23","modified_gmt":"2018-11-24T15:10:23","slug":"invita-la-universidad-tecnologica-de-paquime-a-su-v-encuentro-de-negocios","status":"publish","type":"post","link":"https:\/\/notitodo.com.mx\/wp\/invita-la-universidad-tecnologica-de-paquime-a-su-v-encuentro-de-negocios\/","title":{"rendered":"INVITA LA UNIVERSIDAD TECNOL\u00d3GICA DE PAQUIM\u00c9 A SU V ENCUENTRO DE NEGOCIOS"},"content":{"rendered":"<p>La Universidad Tecnolog\u00eda de Paquim\u00e9 invita a sus estudiantes, docentes, personal administrativo y sociedad en general, a su V Encuentro de Negocios, que se llevar\u00e1 a cabo los d\u00edas 23 y 24 de noviembre en las instalaciones del Centro de Convenciones de Casas Grandes.<\/p>\n<p>A trav\u00e9s de una rueda de prensa, el rector de la instituci\u00f3n, Miguel \u00c1ngel Montalvo Elizalde, acompa\u00f1ado de Fabiola Nevarez, jefe de la carrera de Desarrollo de Negocios y los profesores Iveth Estrada, Johali Tena y Leonardo Conteras, dieron a conocer a agenda de trabajo.<\/p>\n<p>Dentro del programa se contempla que este viernes 23 a las 15:00 horas, se llevar\u00e1 a cabo la inauguraci\u00f3n oficial y minutos despu\u00e9s comenzar\u00e1n las<\/p>\n<p><!--more--><\/p>\n<p>actividades, con la conferencia \u201cMarketing M\u00f3vil\u201d, la cual ser\u00e1 impartida por Luis Lujan.<\/p>\n<p>En punto de las 17:00 horas se desarrollar\u00e1 el panel denominado \u201cimpacto mercadol\u00f3gico de los pueblos m\u00e1gicos; una hora despu\u00e9s se realizar\u00e1 premiaci\u00f3n del concurso de Carteles \u201cVisita Casas Grandes\u201d y se cerrara la jornada con el taller demostrativo \u201cProducci\u00f3n de Video Publicitario\u201d, a cargo de Jes\u00fas Bautista.<\/p>\n<p>Para el d\u00eda s\u00e1bado, a las 08:00 horas se llevar\u00e1 a cabo el concurso Innovaci\u00f3n Emprendedora, el cual se basa en la elaboraci\u00f3n de dulces con productos locales.<\/p>\n","protected":false},"excerpt":{"rendered":"<p>La Universidad Tecnolog\u00eda de Paquim\u00e9 invita a sus estudiantes, docentes, personal administrativo y sociedad en general, a su V Encuentro de Negocios, que se llevar\u00e1 a cabo los d\u00edas 23 y 24 de noviembre en las instalaciones del Centro de Convenciones de Casas Grandes. A trav\u00e9s de una rueda de prensa, el rector de la [&hellip;]<\/p>\n","protected":false},"author":5,"featured_media":46115,"comment_status":"open","ping_status":"open","sticky":false,"template":"","format":"standard","meta":{"footnotes":""},"categories":[15],"tags":[],"class_list":["post-46113","post","type-post","status-publish","format-standard","has-post-thumbnail","hentry","category-educacion"],"views":5,"_links":{"self":[{"href":"https:\/\/notitodo.com.mx\/wp\/wp-json\/wp\/v2\/posts\/46113","targetHints":{"allow":["GET"]}}],"collection":[{"href":"https:\/\/notitodo.com.mx\/wp\/wp-json\/wp\/v2\/posts"}],"about":[{"href":"https:\/\/notitodo.com.mx\/wp\/wp-json\/wp\/v2\/types\/post"}],"author":[{"embeddable":true,"href":"https:\/\/notitodo.com.mx\/wp\/wp-json\/wp\/v2\/users\/5"}],"replies":[{"embeddable":true,"href":"https:\/\/notitodo.com.mx\/wp\/wp-json\/wp\/v2\/comments?post=46113"}],"version-history":[{"count":1,"href":"https:\/\/notitodo.com.mx\/wp\/wp-json\/wp\/v2\/posts\/46113\/revisions"}],"predecessor-version":[{"id":46116,"href":"https:\/\/notitodo.com.mx\/wp\/wp-json\/wp\/v2\/posts\/46113\/revisions\/46116"}],"wp:featuredmedia":[{"embeddable":true,"href":"https:\/\/notitodo.com.mx\/wp\/wp-json\/wp\/v2\/media\/46115"}],"wp:attachment":[{"href":"https:\/\/notitodo.com.mx\/wp\/wp-json\/wp\/v2\/media?parent=46113"}],"wp:term":[{"taxonomy":"category","embeddable":true,"href":"https:\/\/notitodo.com.mx\/wp\/wp-json\/wp\/v2\/categories?post=46113"},{"taxonomy":"post_tag","embeddable":true,"href":"https:\/\/notitodo.com.mx\/wp\/wp-json\/wp\/v2\/tags?post=46113"}],"curies":[{"name":"wp","href":"https:\/\/api.w.org\/{rel}","templated":true}]}}