{"id":46021,"date":"2018-11-23T13:52:15","date_gmt":"2018-11-23T13:52:15","guid":{"rendered":"https:\/\/notitodo.com.mx\/wp\/?p=46021"},"modified":"2018-11-23T13:52:15","modified_gmt":"2018-11-23T13:52:15","slug":"presenta-comision-especial-del-congreso-informe-del-analisis-de-las-actividades-dependencias-de-la-administracion-publica-estatal","status":"publish","type":"post","link":"https:\/\/notitodo.com.mx\/wp\/presenta-comision-especial-del-congreso-informe-del-analisis-de-las-actividades-dependencias-de-la-administracion-publica-estatal\/","title":{"rendered":"Presenta Comisi\u00f3n Especial del Congreso informe del an\u00e1lisis de las actividades dependencias de la administraci\u00f3n p\u00fablica estatal"},"content":{"rendered":"<p>Conforme a lo establecido en la Constituci\u00f3n Pol\u00edtica del Estado y en la Ley Org\u00e1nica del Poder Legislativo, la Comisi\u00f3n Especial de An\u00e1lisis de los Informes del Poder Ejecutivo, emiti\u00f3 ante el Pleno de la Sexag\u00e9sima Sexta Legislatura, un mensaje, mediante el cual se da por cumplida la obligaci\u00f3n de indicar las actividades realizadas por las dependencias estatales, durante el periodo comprendido del 16 de septiembre del 2017 al 15 de agosto del 2018.<\/p>\n<p>En primera instancia, la diputada Marisela Terrazas, Presidente de la Comisi\u00f3n Especial, coment\u00f3 el pasado 28 de septiembre del presente a\u00f1o, el Secretario General de Gobierno y el Coordinador Ejecutivo del Gabinete, acudieron al Congreso del Estado, a presentar de forma escrita, el informe antes mencionado.<\/p>\n<p>Terrazas se\u00f1al\u00f3 que los miembros de la Comisi\u00f3n Especial, acordaron realizar una serie de cuestionamientos relativos al Informe de Actividades, mismos que fueron respondidos en tiempo y forma.<br \/>\nA\u00f1adi\u00f3 que posteriormente, fueron llamados a comparecer ante el Pleno Legislativo, los secretarios de: Educaci\u00f3n y Deporte, de Desarrollo Social, de Salud, de<\/p>\n<p><!--more--><\/p>\n<p>Comunicaciones y Obras P\u00fablicas, as\u00ed como el Coordinador de Comunicaci\u00f3n Social, con la finalidad de que expusieran y respondieran cuestionamientos diversos, sobre las actividades plasmadas en el compendio presentado del Ejecutivo local.<\/p>\n<p>Dado a lo anterior, y una vez realizado el ejercicio democr\u00e1tico antes descrito, la legisladora dio a conocer que fue solicitado que el Diario de los Debates con los contenidos de las comparecencias desahogadas el martes 13 de noviembre de 2018, as\u00ed como las preguntas, respuestas, r\u00e9plicas y contra r\u00e9plicas, integradas al informe de la Comisi\u00f3n, se presenten ante la Oficial\u00eda de Partes del Poder Legislativo; para dar por cumplido lo estipulado en los ordenamientos locales.<br \/>\nPor \u00faltimo, la diputada se\u00f1al\u00f3 que se solicitar\u00e1 a la Mesa Directiva del Congreso del Estado, para que en la pr\u00f3xima Sesi\u00f3n Ordinaria, se prevea un espacio para las conclusiones por parte de quienes para tales efectos deseen hacer uso de la Tribuna.<\/p>\n","protected":false},"excerpt":{"rendered":"<p>Conforme a lo establecido en la Constituci\u00f3n Pol\u00edtica del Estado y en la Ley Org\u00e1nica del Poder Legislativo, la Comisi\u00f3n Especial de An\u00e1lisis de los Informes del Poder Ejecutivo, emiti\u00f3 ante el Pleno de la Sexag\u00e9sima Sexta Legislatura, un mensaje, mediante el cual se da por cumplida la obligaci\u00f3n de indicar las actividades realizadas por [&hellip;]<\/p>\n","protected":false},"author":5,"featured_media":46023,"comment_status":"open","ping_status":"open","sticky":false,"template":"","format":"standard","meta":{"footnotes":""},"categories":[9],"tags":[],"class_list":["post-46021","post","type-post","status-publish","format-standard","has-post-thumbnail","hentry","category-locales"],"views":18,"_links":{"self":[{"href":"https:\/\/notitodo.com.mx\/wp\/wp-json\/wp\/v2\/posts\/46021","targetHints":{"allow":["GET"]}}],"collection":[{"href":"https:\/\/notitodo.com.mx\/wp\/wp-json\/wp\/v2\/posts"}],"about":[{"href":"https:\/\/notitodo.com.mx\/wp\/wp-json\/wp\/v2\/types\/post"}],"author":[{"embeddable":true,"href":"https:\/\/notitodo.com.mx\/wp\/wp-json\/wp\/v2\/users\/5"}],"replies":[{"embeddable":true,"href":"https:\/\/notitodo.com.mx\/wp\/wp-json\/wp\/v2\/comments?post=46021"}],"version-history":[{"count":1,"href":"https:\/\/notitodo.com.mx\/wp\/wp-json\/wp\/v2\/posts\/46021\/revisions"}],"predecessor-version":[{"id":46024,"href":"https:\/\/notitodo.com.mx\/wp\/wp-json\/wp\/v2\/posts\/46021\/revisions\/46024"}],"wp:featuredmedia":[{"embeddable":true,"href":"https:\/\/notitodo.com.mx\/wp\/wp-json\/wp\/v2\/media\/46023"}],"wp:attachment":[{"href":"https:\/\/notitodo.com.mx\/wp\/wp-json\/wp\/v2\/media?parent=46021"}],"wp:term":[{"taxonomy":"category","embeddable":true,"href":"https:\/\/notitodo.com.mx\/wp\/wp-json\/wp\/v2\/categories?post=46021"},{"taxonomy":"post_tag","embeddable":true,"href":"https:\/\/notitodo.com.mx\/wp\/wp-json\/wp\/v2\/tags?post=46021"}],"curies":[{"name":"wp","href":"https:\/\/api.w.org\/{rel}","templated":true}]}}