{"id":45947,"date":"2018-11-22T15:17:02","date_gmt":"2018-11-22T15:17:02","guid":{"rendered":"https:\/\/notitodo.com.mx\/wp\/?p=45947"},"modified":"2018-11-22T15:17:02","modified_gmt":"2018-11-22T15:17:02","slug":"consejeros-politicos-de-ocho-paises-de-la-union-europea-visitan-al-gobernador-javier-corral","status":"publish","type":"post","link":"https:\/\/notitodo.com.mx\/wp\/consejeros-politicos-de-ocho-paises-de-la-union-europea-visitan-al-gobernador-javier-corral\/","title":{"rendered":"CONSEJEROS POL\u00cdTICOS DE OCHO PA\u00cdSES DE LA UNI\u00d3N EUROPEA VISITAN AL GOBERNADOR JAVIER CORRAL"},"content":{"rendered":"<p>l gobernador Javier Corral sostuvo una reuni\u00f3n con consejeros pol\u00edticos de ocho pa\u00edses de la Uni\u00f3n Europea (UE), quienes le expresaron su inter\u00e9s por conocer m\u00e1s a detalle la pol\u00edtica p\u00fablica del Gobierno del Estado a favor de los Derechos Humanos y el Plan Estatal de Desarrollo que se apega a los temas de la Agenda 2030.<\/p>\n<p>En la reuni\u00f3n estuvieron los representantes de B\u00e9lgica, Ga\u00ebtane Scav\u00e9e; Finlandia, Riitta Gerlander; de Hungr\u00eda, Arpad David Deak; en representaci\u00f3n de los Pa\u00edses Bajos, Marc Verschuur; de Polonia, Jadwiga Szpakowska; del Reino Unido, Ben Myers; Rep\u00fablica Checa, Ludevit Hruz y de Suecia, Sara Jakobsson, acompa\u00f1ados por la consejera jefa de la Secci\u00f3n Pol\u00edtica Prensa e Informaci\u00f3n, del Consejo Pol\u00edtico de la Uni\u00f3n Europea (UE), Eleftheria Pertziniou.<br \/>\nEl encuentro se desarroll\u00f3 en el Sal\u00f3n Carlos Pacheco de Palacio de Gobierno, donde el gobernador dijo que la visita a diversos lugares de M\u00e9xico, reviste una<\/p>\n<p><!--more--><\/p>\n<p>especial oportunidad para el nuevo gobierno federal, porque si alguna relaci\u00f3n se debe fortalecer y procurar es con la UE, por los valores que acompa\u00f1an la historia de Europa en temas fundamentales como las libertades pol\u00edticas, la democracia y por supuesto los derechos humanos.<\/p>\n<p>Afirm\u00f3 que el momento pol\u00edtico de M\u00e9xico es interesante, porque se vive el fin de un r\u00e9gimen que ahora est\u00e1 en ruinas en sus principales componentes, porque hay un debilitamiento de los partidos, de los medios de comunicaci\u00f3n e incluso de algunas organizaciones de la sociedad civil.<\/p>\n<p>\u201cNo sabemos exactamente qu\u00e9 va a nacer y si las cosas vienen para bien de este pa\u00eds o vienen para su desastre o tragedia mayor\u201d, se\u00f1al\u00f3.<\/p>\n<p>Todos los signos que existen al momento no son buenos y en los temas que al Gobierno del Estado le interesan como combate a la corrupci\u00f3n, seguridad y justicia, derechos humanos y participaci\u00f3n ciudadana, se ven m\u00e1s retrocesos que avances, sostuvo.<\/p>\n<p>El mandatario estatal indic\u00f3 que en cuanto a corrupci\u00f3n pol\u00edtica, el nuevo gobierno est\u00e1 ofreciendo una especie de amnist\u00eda al r\u00e9gimen que termina, a pesar de que el gobierno del presidente Enrique Pe\u00f1a Nieto ha sido el m\u00e1s corrupto en los \u00faltimos 50 a\u00f1os de la vida del pa\u00eds, y el nuevo gobierno dijo que no va a emprender acci\u00f3n legal o persecuci\u00f3n alguna, lo cual significa el mayor cubetazo de agua fr\u00eda que se le puede recetar a los mexicanos en los \u00faltimos meses.<\/p>\n<p>\u201cPorque la mayor\u00eda de los problemas de M\u00e9xico tienen que ver con la corrupci\u00f3n pol\u00edtica, el problema de la inseguridad p\u00fablica, de la delincuencia organizada, de la corrupci\u00f3n de las polic\u00edas y del debilitamiento de las instituciones, tiene que ver con la corrupci\u00f3n pol\u00edtica, porque cuando el poder arriba est\u00e1 podrido, pudre todo lo dem\u00e1s y nadie le hace caso abajo, porque los polic\u00edas lo primero que dicen es que si el presidente roba y se compra una casa nueva y el gobernador del Estado roba y se compra cuatro ranchos, yo porqu\u00e9 voy a ser distinto y porqu\u00e9 voy a actuar de diferente manera\u201d, declar\u00f3 Corral.<\/p>\n<p>Coment\u00f3 a los consejeros que el plan de seguridad del nuevo gobierno no tiene estructura ni metodolog\u00eda, aunado al componente de riesgo pol\u00edtico para el pa\u00eds, que representa el reforzamiento de la militarizaci\u00f3n en el combate a la seguridad p\u00fablica.<\/p>\n<p>\u201cEst\u00e1n en el Estado que impugn\u00f3 constitucionalmente la Ley de Seguridad Interior, fuimos la \u00fanica entidad que abiertamente nos hemos opuesto a la militarizaci\u00f3n de la seguridad p\u00fablica, tenemos una muy mala experiencia con los militares, dos a\u00f1os de gobierno son suficientes para conocer que ah\u00ed no hay ni la capacitaci\u00f3n, ni la sensibilidad, ni el nivel para enfrentar el problema de la seguridad p\u00fablica y de nuevo, somos el \u00fanico Estado que ha alzado la voz frente a este plan\u201d, resalt\u00f3.<\/p>\n<p>\u201cNunca en 100 a\u00f1os despu\u00e9s de la Revoluci\u00f3n Mexicana, un presidente de M\u00e9xico hab\u00eda pretendido cambiar la Constituci\u00f3n para darle tal nivel de poder a las fuerzas armadas en facultades y funciones que corresponden a los civiles\u201d, abund\u00f3 el Ejecutivo.<\/p>\n<p>Manifest\u00f3 que el compromiso del Gobierno de Chihuahua es real con los derechos humanos, mucho m\u00e1s all\u00e1 de propaganda gubernamental, porque estas son los aspectos que definen a un gobierno.<\/p>\n<p>Acept\u00f3 que existe corrupci\u00f3n en las polic\u00edas, pero se les denuncia y encarcela, se depuran las instituciones, pero jam\u00e1s se ha pensado en sustituir a los polic\u00edas por militares, por lo que no aceptar\u00e1 que los militares sustituyan a los polic\u00edas en Chihuahua.<\/p>\n<p>Javier Corral invit\u00f3 a los consejeros a conocer el proceso de elecci\u00f3n de la nueva fiscal anticorrupci\u00f3n en el estado de Chihuahua, para que se compare con el de cualquier estado del pa\u00eds y con el federal.<\/p>\n<p>\u201cEl fiscal anticorrupci\u00f3n debe ser independiente del titular del Ejecutivo Estatal, porque si depende de m\u00ed, no me va a investigar a m\u00ed, ni a los m\u00edos\u201d, asever\u00f3.<\/p>\n<p>Comparti\u00f3 que en Chihuahua se hizo una reforma de contrataci\u00f3n de obras p\u00fablicas, estableciendo un trabajo de actualizaci\u00f3n acorde a la homologaci\u00f3n que se hizo con el Sistema Nacional Anticorrupci\u00f3n.<\/p>\n<p>\u201cFuimos m\u00e1s all\u00e1 y hemos presentado distintas iniciativas para transparentar no solo la obra, sino tambi\u00e9n los servicios, incluidos el de la publicidad, hemos presentado una iniciativa para la transparencia en el otorgamiento de recursos p\u00fablicos a medios de comunicaci\u00f3n y propaganda, que establece que esta asignaci\u00f3n no puede rebasar el 0.5 por ciento del presupuesto estatal, que lo dije en una serie de criterios que acotan la discrecionalidad y que ha sido presentado al Congreso del Estado hace tres meses\u201d, explic\u00f3.<\/p>\n<p>A\u00f1adi\u00f3 que esta iniciativa se aparta del modelo se simulaci\u00f3n que escogi\u00f3 el r\u00e9gimen federal antes de irse, para el tema de la publicidad, porque en M\u00e9xico la corrupci\u00f3n tiene una gran palanca en la colusi\u00f3n ente medios de comunicaci\u00f3n y poder y es ah\u00ed donde se mu\u00f1equea para orientar y conducir.<\/p>\n<p>Apunt\u00f3 que en ese tema, el nuevo gobierno cree que no se necesita una nueva ley y lo que va funcionar son los criterios propios, por lo cual no habr\u00e1 nueva ley ni se aplicar\u00e1 la existente.<\/p>\n<p>Expuso a los consejeros que Chihuahua quiere que su ley se conozca y se discuta nacionalmente, porque cumple con los m\u00e1s altos est\u00e1ndares internacionales en materia de derecho a la informaci\u00f3n, de libertad de expresi\u00f3n, de libertad de informaci\u00f3n, as\u00ed como de transparencia y rendici\u00f3n de cuentas.<\/p>\n<p>Eleftheria Pertziniou, agradeci\u00f3 a nombre de los diplom\u00e1ticos la posibilidad de visitar Chihuahua y conocer el quehacer que desarrollan instancias tanto p\u00fablicas como privadas.<\/p>\n<p>Reconoci\u00f3 que el Plan Estatal de Desarrollo cumple todos los aspectos de la Agenda 2030, que abarca temas relacionados con los derechos humanos, incluidos los derechos econ\u00f3micos, civiles, culturales, pol\u00edticos y sociales, as\u00ed como el derecho al desarrollo.<\/p>\n<p>Por lo anterior, manifest\u00f3 la disposici\u00f3n de fortalecer la cooperaci\u00f3n entre la UE y el Gobierno del Estado de Chihuahua.<\/p>\n<p>Detall\u00f3 que se encuentran en la fase final de la negociaci\u00f3n del Acuerdo M\u00e9xico-Uni\u00f3n Europea y celebr\u00f3 que por primera vez, se tiene el compromiso de la administraci\u00f3n federal que iniciar\u00e1 el primero de diciembre, de abrir las compras p\u00fablicas de los diversos \u00f3rdenes de Gobierno y actualmente, se tiene un dialogo intenso sobre aspectos como seguridad, derechos humanos, cambio clim\u00e1tico, desarrollo sustentable, temas de gran relevancia en la actualidad.<\/p>\n<p>En esta reuni\u00f3n estuvo presente el subsecretario de Gobierno Luis Fernando Mesta, quien explic\u00f3 que los representantes de ocho pa\u00edses han visitado diversas instituciones del Gobierno del Estado, as\u00ed como diversos sitios hist\u00f3ricos de Chihuahua incluido el Palacio de Gobierno, adem\u00e1s de conocer el trabajo de algunas organizaciones sociales que existen en la entidad.<\/p>\n","protected":false},"excerpt":{"rendered":"<p>l gobernador Javier Corral sostuvo una reuni\u00f3n con consejeros pol\u00edticos de ocho pa\u00edses de la Uni\u00f3n Europea (UE), quienes le expresaron su inter\u00e9s por conocer m\u00e1s a detalle la pol\u00edtica p\u00fablica del Gobierno del Estado a favor de los Derechos Humanos y el Plan Estatal de Desarrollo que se apega a los temas de la [&hellip;]<\/p>\n","protected":false},"author":5,"featured_media":45949,"comment_status":"open","ping_status":"open","sticky":false,"template":"","format":"standard","meta":{"footnotes":""},"categories":[7],"tags":[],"class_list":["post-45947","post","type-post","status-publish","format-standard","has-post-thumbnail","hentry","category-estatales"],"views":4,"_links":{"self":[{"href":"https:\/\/notitodo.com.mx\/wp\/wp-json\/wp\/v2\/posts\/45947","targetHints":{"allow":["GET"]}}],"collection":[{"href":"https:\/\/notitodo.com.mx\/wp\/wp-json\/wp\/v2\/posts"}],"about":[{"href":"https:\/\/notitodo.com.mx\/wp\/wp-json\/wp\/v2\/types\/post"}],"author":[{"embeddable":true,"href":"https:\/\/notitodo.com.mx\/wp\/wp-json\/wp\/v2\/users\/5"}],"replies":[{"embeddable":true,"href":"https:\/\/notitodo.com.mx\/wp\/wp-json\/wp\/v2\/comments?post=45947"}],"version-history":[{"count":1,"href":"https:\/\/notitodo.com.mx\/wp\/wp-json\/wp\/v2\/posts\/45947\/revisions"}],"predecessor-version":[{"id":45950,"href":"https:\/\/notitodo.com.mx\/wp\/wp-json\/wp\/v2\/posts\/45947\/revisions\/45950"}],"wp:featuredmedia":[{"embeddable":true,"href":"https:\/\/notitodo.com.mx\/wp\/wp-json\/wp\/v2\/media\/45949"}],"wp:attachment":[{"href":"https:\/\/notitodo.com.mx\/wp\/wp-json\/wp\/v2\/media?parent=45947"}],"wp:term":[{"taxonomy":"category","embeddable":true,"href":"https:\/\/notitodo.com.mx\/wp\/wp-json\/wp\/v2\/categories?post=45947"},{"taxonomy":"post_tag","embeddable":true,"href":"https:\/\/notitodo.com.mx\/wp\/wp-json\/wp\/v2\/tags?post=45947"}],"curies":[{"name":"wp","href":"https:\/\/api.w.org\/{rel}","templated":true}]}}