{"id":45760,"date":"2018-11-22T13:36:22","date_gmt":"2018-11-22T13:36:22","guid":{"rendered":"https:\/\/notitodo.com.mx\/wp\/?p=45760"},"modified":"2018-11-22T13:36:22","modified_gmt":"2018-11-22T13:36:22","slug":"entrega-desarrollo-social-apoyos-funcionales-en-los-municipios-de-aquiles-serdan-meoqui-y-delicias","status":"publish","type":"post","link":"https:\/\/notitodo.com.mx\/wp\/entrega-desarrollo-social-apoyos-funcionales-en-los-municipios-de-aquiles-serdan-meoqui-y-delicias\/","title":{"rendered":"ENTREGA DESARROLLO SOCIAL APOYOS FUNCIONALES EN LOS MUNICIPIOS DE AQUILES SERD\u00c1N, MEOQUI Y DELICIAS"},"content":{"rendered":"<p>Con una inversi\u00f3n de 219 mil 780 pesos se entregaron 91 aparatos funcionales a personas con discapacidad y en situaci\u00f3n vulnerable, de los municipios de Aquiles Serd\u00e1n, Meoqui y Delicias, por parte de la Secretar\u00eda de Desarrollo Social a trav\u00e9s de la Direcci\u00f3n de Grupos Vulnerables.<\/p>\n<p>La dependencia estatal entreg\u00f3 en el municipio de Aquiles Serd\u00e1n 21 aparatos auditivos, tres andadores, tres bastones de cuatro puntos, cuatro bastones de un punto y tres sillas de ruedas.<\/p>\n<p>En Meoqui la entrega const\u00f3 de 15 aparatos auditivos, 15 sillas de ruedas, una silla reclinable, una silla ultraligera, dos bastones para<\/p>\n<p><!--more--><\/p>\n<p>invidentes y cuatro barras de seguridad.<\/p>\n<p>Respecto a los apoyos entregados en Delicias la Secretar\u00eda de Desarrollo Social detall\u00f3 que se trat\u00f3 de 11 sillas de ruedas, tres sillas de ba\u00f1o, dos andadores, dos bastones de cuatro puntos y un c\u00f3modo.<\/p>\n<p>Estas entregas de apoyos funcionales, son parte de las acciones del Gobierno del Estado para promover la inclusi\u00f3n de las personas con discapacidad a la sociedad.<\/p>\n","protected":false},"excerpt":{"rendered":"<p>Con una inversi\u00f3n de 219 mil 780 pesos se entregaron 91 aparatos funcionales a personas con discapacidad y en situaci\u00f3n vulnerable, de los municipios de Aquiles Serd\u00e1n, Meoqui y Delicias, por parte de la Secretar\u00eda de Desarrollo Social a trav\u00e9s de la Direcci\u00f3n de Grupos Vulnerables. La dependencia estatal entreg\u00f3 en el municipio de Aquiles [&hellip;]<\/p>\n","protected":false},"author":5,"featured_media":45762,"comment_status":"open","ping_status":"open","sticky":false,"template":"","format":"standard","meta":{"footnotes":""},"categories":[7],"tags":[],"class_list":["post-45760","post","type-post","status-publish","format-standard","has-post-thumbnail","hentry","category-estatales"],"views":29,"_links":{"self":[{"href":"https:\/\/notitodo.com.mx\/wp\/wp-json\/wp\/v2\/posts\/45760","targetHints":{"allow":["GET"]}}],"collection":[{"href":"https:\/\/notitodo.com.mx\/wp\/wp-json\/wp\/v2\/posts"}],"about":[{"href":"https:\/\/notitodo.com.mx\/wp\/wp-json\/wp\/v2\/types\/post"}],"author":[{"embeddable":true,"href":"https:\/\/notitodo.com.mx\/wp\/wp-json\/wp\/v2\/users\/5"}],"replies":[{"embeddable":true,"href":"https:\/\/notitodo.com.mx\/wp\/wp-json\/wp\/v2\/comments?post=45760"}],"version-history":[{"count":1,"href":"https:\/\/notitodo.com.mx\/wp\/wp-json\/wp\/v2\/posts\/45760\/revisions"}],"predecessor-version":[{"id":45763,"href":"https:\/\/notitodo.com.mx\/wp\/wp-json\/wp\/v2\/posts\/45760\/revisions\/45763"}],"wp:featuredmedia":[{"embeddable":true,"href":"https:\/\/notitodo.com.mx\/wp\/wp-json\/wp\/v2\/media\/45762"}],"wp:attachment":[{"href":"https:\/\/notitodo.com.mx\/wp\/wp-json\/wp\/v2\/media?parent=45760"}],"wp:term":[{"taxonomy":"category","embeddable":true,"href":"https:\/\/notitodo.com.mx\/wp\/wp-json\/wp\/v2\/categories?post=45760"},{"taxonomy":"post_tag","embeddable":true,"href":"https:\/\/notitodo.com.mx\/wp\/wp-json\/wp\/v2\/tags?post=45760"}],"curies":[{"name":"wp","href":"https:\/\/api.w.org\/{rel}","templated":true}]}}